{"id":1214,"date":"2016-02-15T16:44:16","date_gmt":"2016-02-15T21:44:16","guid":{"rendered":"https:\/\/fracs.aero\/\/?p=1214"},"modified":"2024-10-22T23:06:32","modified_gmt":"2024-10-22T21:06:32","slug":"sudan-airspace-design-restructuring-kick-off-meeting-a-khartoum","status":"publish","type":"post","link":"https:\/\/fracs.aero\/fr\/2016\/02\/15\/sudan-airspace-design-restructuring-kick-off-meeting-a-khartoum\/","title":{"rendered":"Sudan Airspace Design restructuring : Kick Off Meeting \u00e0 Khartoum"},"content":{"rendered":"<p>Le Kick-Off Meeting du projet de restructuration de l\u2019espace a\u00e9rien soudanais a eu lieu \u00e0 Khartoum ce mardi 15 f\u00e9vrier, sous l\u2019\u00e9gide des \u00e9quipes de DSNA Services et de CGX A\u00e9ro, et en pr\u00e9sence du Directeur G\u00e9n\u00e9ral de l\u2019aviation civile Soudanaise (SCAA), de l\u2019Ambassadeur de France au Soudan, des repr\u00e9sentants de IATA et de plusieurs compagnies a\u00e9riennes internationales (Egyptair, Ethiopian Airlines, Emirates, etc\u2026). Ont \u00e9galement particip\u00e9 \u00e0 l\u2019\u00e9v\u00e9nement des repr\u00e9sentants des compagnies locales, des autorit\u00e9s militaires, des autorit\u00e9s a\u00e9roportuaires, et de nombreux contr\u00f4leurs a\u00e9riens et cadres de SCAA.<\/p>\n<p>Durant toute la semaine, les experts fran\u00e7ais et soudanais ont \u00e9galement commenc\u00e9 \u00e0 \u00e9changer les donn\u00e9es et les informations indispensables \u00e0 la conduite du projet. Rendez-vous est pris pour une prochaine r\u00e9union \u00e0 Khartoum dans un mois.<\/p>\n\n\t\t<style type=\"text\/css\">\n\t\t\t#gallery-1 {\n\t\t\t\tmargin: auto;\n\t\t\t}\n\t\t\t#gallery-1 .gallery-item {\n\t\t\t\tfloat: left;\n\t\t\t\tmargin-top: 10px;\n\t\t\t\ttext-align: center;\n\t\t\t\twidth: 33%;\n\t\t\t}\n\t\t\t#gallery-1 img {\n\t\t\t\tborder: 2px solid #cfcfcf;\n\t\t\t}\n\t\t\t#gallery-1 .gallery-caption {\n\t\t\t\tmargin-left: 0;\n\t\t\t}\n\t\t\t\/* see gallery_shortcode() in wp-includes\/media.php *\/\n\t\t<\/style>\n\t\t<div id='gallery-1' class='gallery galleryid-1214 gallery-columns-3 gallery-size-medium'><dl class='gallery-item'>\n\t\t\t<dt class='gallery-icon landscape'>\n\t\t\t\t<a href='https:\/\/fracs.aero\/fr\/2016\/02\/15\/sudan-airspace-design-restructuring-kick-off-meeting-a-khartoum\/img_0825\/'><img loading=\"lazy\" decoding=\"async\" width=\"300\" height=\"225\" src=\"https:\/\/fracs.aero\/wp-content\/uploads\/2018\/07\/IMG_0825-300x225.jpg\" class=\"attachment-medium size-medium\" alt=\"\" srcset=\"https:\/\/fracs.aero\/wp-content\/uploads\/2018\/07\/IMG_0825-300x225.jpg 300w, https:\/\/fracs.aero\/wp-content\/uploads\/2018\/07\/IMG_0825-768x576.jpg 768w, https:\/\/fracs.aero\/wp-content\/uploads\/2018\/07\/IMG_0825-1030x773.jpg 1030w, https:\/\/fracs.aero\/wp-content\/uploads\/2018\/07\/IMG_0825-1500x1125.jpg 1500w, https:\/\/fracs.aero\/wp-content\/uploads\/2018\/07\/IMG_0825-705x529.jpg 705w, https:\/\/fracs.aero\/wp-content\/uploads\/2018\/07\/IMG_0825-450x338.jpg 450w\" sizes=\"auto, (max-width: 300px) 100vw, 300px\" \/><\/a>\n\t\t\t<\/dt><\/dl><dl class='gallery-item'>\n\t\t\t<dt class='gallery-icon landscape'>\n\t\t\t\t<a href='https:\/\/fracs.aero\/fr\/2016\/02\/15\/sudan-airspace-design-restructuring-kick-off-meeting-a-khartoum\/img_0837\/'><img loading=\"lazy\" decoding=\"async\" width=\"300\" height=\"225\" src=\"https:\/\/fracs.aero\/wp-content\/uploads\/2018\/07\/IMG_0837-300x225.jpg\" class=\"attachment-medium size-medium\" alt=\"\" srcset=\"https:\/\/fracs.aero\/wp-content\/uploads\/2018\/07\/IMG_0837-300x225.jpg 300w, https:\/\/fracs.aero\/wp-content\/uploads\/2018\/07\/IMG_0837-768x576.jpg 768w, https:\/\/fracs.aero\/wp-content\/uploads\/2018\/07\/IMG_0837-1030x773.jpg 1030w, https:\/\/fracs.aero\/wp-content\/uploads\/2018\/07\/IMG_0837-1500x1125.jpg 1500w, https:\/\/fracs.aero\/wp-content\/uploads\/2018\/07\/IMG_0837-705x529.jpg 705w, https:\/\/fracs.aero\/wp-content\/uploads\/2018\/07\/IMG_0837-450x338.jpg 450w\" sizes=\"auto, (max-width: 300px) 100vw, 300px\" \/><\/a>\n\t\t\t<\/dt><\/dl><dl class='gallery-item'>\n\t\t\t<dt class='gallery-icon landscape'>\n\t\t\t\t<a href='https:\/\/fracs.aero\/fr\/2016\/02\/15\/sudan-airspace-design-restructuring-kick-off-meeting-a-khartoum\/img_0813\/'><img loading=\"lazy\" decoding=\"async\" width=\"300\" height=\"225\" src=\"https:\/\/fracs.aero\/wp-content\/uploads\/2018\/07\/IMG_0813-300x225.jpg\" class=\"attachment-medium size-medium\" alt=\"\" \/><\/a>\n\t\t\t<\/dt><\/dl><br style=\"clear: both\" \/>\n\t\t<\/div>\n\n","protected":false},"excerpt":{"rendered":"<p>Le Kick-Off Meeting du projet de restructuration de l\u2019espace a\u00e9rien soudanais a eu lieu \u00e0 Khartoum ce mardi 15 f\u00e9vrier, sous l\u2019\u00e9gide des \u00e9quipes de DSNA Services et de CGX A\u00e9ro, et en pr\u00e9sence du Directeur G\u00e9n\u00e9ral de l\u2019aviation civile Soudanaise (SCAA), de l\u2019Ambassadeur de France au Soudan, des repr\u00e9sentants de IATA et de plusieurs [&hellip;]<\/p>\n","protected":false},"author":1,"featured_media":1223,"comment_status":"closed","ping_status":"open","sticky":false,"template":"","format":"standard","meta":{"cybocfi_hide_featured_image":"","footnotes":""},"categories":[25],"tags":[24],"class_list":["post-1214","post","type-post","status-publish","format-standard","has-post-thumbnail","hentry","category-actualites","tag-optimisation-des-operations"],"yoast_head":"<!-- This site is optimized with the Yoast SEO plugin v27.4 - https:\/\/yoast.com\/product\/yoast-seo-wordpress\/ -->\n<title>Sudan Airspace Design restructuring : Kick Off Meeting \u00e0 Khartoum - France Aviation Civile Services<\/title>\n<meta name=\"robots\" content=\"index, follow, max-snippet:-1, max-image-preview:large, max-video-preview:-1\" \/>\n<link rel=\"canonical\" href=\"https:\/\/fracs.aero\/fr\/2016\/02\/15\/sudan-airspace-design-restructuring-kick-off-meeting-a-khartoum\/\" \/>\n<meta property=\"og:locale\" content=\"fr_FR\" \/>\n<meta property=\"og:type\" content=\"article\" \/>\n<meta property=\"og:title\" content=\"Sudan Airspace Design restructuring : Kick Off Meeting \u00e0 Khartoum - France Aviation Civile Services\" \/>\n<meta property=\"og:description\" content=\"Le Kick-Off Meeting du projet de restructuration de l\u2019espace a\u00e9rien soudanais a eu lieu \u00e0 Khartoum ce mardi 15 f\u00e9vrier, sous l\u2019\u00e9gide des \u00e9quipes de DSNA Services et de CGX A\u00e9ro, et en pr\u00e9sence du Directeur G\u00e9n\u00e9ral de l\u2019aviation civile Soudanaise (SCAA), de l\u2019Ambassadeur de France au Soudan, des repr\u00e9sentants de IATA et de plusieurs [&hellip;]\" \/>\n<meta property=\"og:url\" content=\"https:\/\/fracs.aero\/fr\/2016\/02\/15\/sudan-airspace-design-restructuring-kick-off-meeting-a-khartoum\/\" \/>\n<meta property=\"og:site_name\" content=\"France Aviation Civile Services\" \/>\n<meta property=\"article:published_time\" content=\"2016-02-15T21:44:16+00:00\" \/>\n<meta property=\"article:modified_time\" content=\"2024-10-22T21:06:32+00:00\" \/>\n<meta property=\"og:image\" content=\"https:\/\/fracs.aero\/wp-content\/uploads\/2018\/07\/KOM-post-1030x421.jpg\" \/>\n\t<meta property=\"og:image:width\" content=\"1030\" \/>\n\t<meta property=\"og:image:height\" content=\"421\" \/>\n\t<meta property=\"og:image:type\" content=\"image\/jpeg\" \/>\n<meta name=\"author\" content=\"admin_c4com\" \/>\n<meta name=\"twitter:card\" content=\"summary_large_image\" \/>\n<meta name=\"twitter:creator\" content=\"@fracsaero\" \/>\n<meta name=\"twitter:site\" content=\"@fracsaero\" \/>\n<meta name=\"twitter:label1\" content=\"\u00c9crit par\" \/>\n\t<meta name=\"twitter:data1\" content=\"admin_c4com\" \/>\n\t<meta name=\"twitter:label2\" content=\"Dur\u00e9e de lecture estim\u00e9e\" \/>\n\t<meta name=\"twitter:data2\" content=\"1 minute\" \/>\n<script type=\"application\/ld+json\" class=\"yoast-schema-graph\">{\"@context\":\"https:\\\/\\\/schema.org\",\"@graph\":[{\"@type\":\"Article\",\"@id\":\"https:\\\/\\\/fracs.aero\\\/fr\\\/2016\\\/02\\\/15\\\/sudan-airspace-design-restructuring-kick-off-meeting-a-khartoum\\\/#article\",\"isPartOf\":{\"@id\":\"https:\\\/\\\/fracs.aero\\\/fr\\\/2016\\\/02\\\/15\\\/sudan-airspace-design-restructuring-kick-off-meeting-a-khartoum\\\/\"},\"author\":{\"name\":\"admin_c4com\",\"@id\":\"https:\\\/\\\/fracs.aero\\\/fr\\\/#\\\/schema\\\/person\\\/3222c26523ed0e5e952220f697e48267\"},\"headline\":\"Sudan Airspace Design restructuring : Kick Off Meeting \u00e0 Khartoum\",\"datePublished\":\"2016-02-15T21:44:16+00:00\",\"dateModified\":\"2024-10-22T21:06:32+00:00\",\"mainEntityOfPage\":{\"@id\":\"https:\\\/\\\/fracs.aero\\\/fr\\\/2016\\\/02\\\/15\\\/sudan-airspace-design-restructuring-kick-off-meeting-a-khartoum\\\/\"},\"wordCount\":154,\"publisher\":{\"@id\":\"https:\\\/\\\/fracs.aero\\\/fr\\\/#organization\"},\"image\":{\"@id\":\"https:\\\/\\\/fracs.aero\\\/fr\\\/2016\\\/02\\\/15\\\/sudan-airspace-design-restructuring-kick-off-meeting-a-khartoum\\\/#primaryimage\"},\"thumbnailUrl\":\"https:\\\/\\\/fracs.aero\\\/wp-content\\\/uploads\\\/2018\\\/07\\\/KOM-post.jpg\",\"keywords\":[\"OPTIMISATION DES OP\u00c9RATIONS\"],\"articleSection\":[\"ACTUALIT\u00c9S\"],\"inLanguage\":\"fr-FR\"},{\"@type\":\"WebPage\",\"@id\":\"https:\\\/\\\/fracs.aero\\\/fr\\\/2016\\\/02\\\/15\\\/sudan-airspace-design-restructuring-kick-off-meeting-a-khartoum\\\/\",\"url\":\"https:\\\/\\\/fracs.aero\\\/fr\\\/2016\\\/02\\\/15\\\/sudan-airspace-design-restructuring-kick-off-meeting-a-khartoum\\\/\",\"name\":\"Sudan Airspace Design restructuring : Kick Off Meeting \u00e0 Khartoum - France Aviation Civile Services\",\"isPartOf\":{\"@id\":\"https:\\\/\\\/fracs.aero\\\/fr\\\/#website\"},\"primaryImageOfPage\":{\"@id\":\"https:\\\/\\\/fracs.aero\\\/fr\\\/2016\\\/02\\\/15\\\/sudan-airspace-design-restructuring-kick-off-meeting-a-khartoum\\\/#primaryimage\"},\"image\":{\"@id\":\"https:\\\/\\\/fracs.aero\\\/fr\\\/2016\\\/02\\\/15\\\/sudan-airspace-design-restructuring-kick-off-meeting-a-khartoum\\\/#primaryimage\"},\"thumbnailUrl\":\"https:\\\/\\\/fracs.aero\\\/wp-content\\\/uploads\\\/2018\\\/07\\\/KOM-post.jpg\",\"datePublished\":\"2016-02-15T21:44:16+00:00\",\"dateModified\":\"2024-10-22T21:06:32+00:00\",\"breadcrumb\":{\"@id\":\"https:\\\/\\\/fracs.aero\\\/fr\\\/2016\\\/02\\\/15\\\/sudan-airspace-design-restructuring-kick-off-meeting-a-khartoum\\\/#breadcrumb\"},\"inLanguage\":\"fr-FR\",\"potentialAction\":[{\"@type\":\"ReadAction\",\"target\":[\"https:\\\/\\\/fracs.aero\\\/fr\\\/2016\\\/02\\\/15\\\/sudan-airspace-design-restructuring-kick-off-meeting-a-khartoum\\\/\"]}]},{\"@type\":\"ImageObject\",\"inLanguage\":\"fr-FR\",\"@id\":\"https:\\\/\\\/fracs.aero\\\/fr\\\/2016\\\/02\\\/15\\\/sudan-airspace-design-restructuring-kick-off-meeting-a-khartoum\\\/#primaryimage\",\"url\":\"https:\\\/\\\/fracs.aero\\\/wp-content\\\/uploads\\\/2018\\\/07\\\/KOM-post.jpg\",\"contentUrl\":\"https:\\\/\\\/fracs.aero\\\/wp-content\\\/uploads\\\/2018\\\/07\\\/KOM-post.jpg\",\"width\":4128,\"height\":1686},{\"@type\":\"BreadcrumbList\",\"@id\":\"https:\\\/\\\/fracs.aero\\\/fr\\\/2016\\\/02\\\/15\\\/sudan-airspace-design-restructuring-kick-off-meeting-a-khartoum\\\/#breadcrumb\",\"itemListElement\":[{\"@type\":\"ListItem\",\"position\":1,\"name\":\"Home\",\"item\":\"https:\\\/\\\/fracs.aero\\\/fr\\\/\"},{\"@type\":\"ListItem\",\"position\":2,\"name\":\"Sudan Airspace Design restructuring : Kick Off Meeting \u00e0 Khartoum\"}]},{\"@type\":\"WebSite\",\"@id\":\"https:\\\/\\\/fracs.aero\\\/fr\\\/#website\",\"url\":\"https:\\\/\\\/fracs.aero\\\/fr\\\/\",\"name\":\"France Aviation Civile Services\",\"description\":\"France Aviation Civile Services\",\"publisher\":{\"@id\":\"https:\\\/\\\/fracs.aero\\\/fr\\\/#organization\"},\"potentialAction\":[{\"@type\":\"SearchAction\",\"target\":{\"@type\":\"EntryPoint\",\"urlTemplate\":\"https:\\\/\\\/fracs.aero\\\/fr\\\/?s={search_term_string}\"},\"query-input\":{\"@type\":\"PropertyValueSpecification\",\"valueRequired\":true,\"valueName\":\"search_term_string\"}}],\"inLanguage\":\"fr-FR\"},{\"@type\":\"Organization\",\"@id\":\"https:\\\/\\\/fracs.aero\\\/fr\\\/#organization\",\"name\":\"France Aviation Civile Services\",\"url\":\"https:\\\/\\\/fracs.aero\\\/fr\\\/\",\"logo\":{\"@type\":\"ImageObject\",\"inLanguage\":\"fr-FR\",\"@id\":\"https:\\\/\\\/fracs.aero\\\/fr\\\/#\\\/schema\\\/logo\\\/image\\\/\",\"url\":\"https:\\\/\\\/fracs.aero\\\/wp-content\\\/uploads\\\/2019\\\/08\\\/FRACS-for-web-1.png\",\"contentUrl\":\"https:\\\/\\\/fracs.aero\\\/wp-content\\\/uploads\\\/2019\\\/08\\\/FRACS-for-web-1.png\",\"width\":340,\"height\":156,\"caption\":\"France Aviation Civile Services\"},\"image\":{\"@id\":\"https:\\\/\\\/fracs.aero\\\/fr\\\/#\\\/schema\\\/logo\\\/image\\\/\"},\"sameAs\":[\"https:\\\/\\\/x.com\\\/fracsaero\",\"https:\\\/\\\/www.linkedin.com\\\/company\\\/fracs\\\/\"]},{\"@type\":\"Person\",\"@id\":\"https:\\\/\\\/fracs.aero\\\/fr\\\/#\\\/schema\\\/person\\\/3222c26523ed0e5e952220f697e48267\",\"name\":\"admin_c4com\",\"image\":{\"@type\":\"ImageObject\",\"inLanguage\":\"fr-FR\",\"@id\":\"https:\\\/\\\/secure.gravatar.com\\\/avatar\\\/57dfc6b92119c0d9c4ea846b9365edd591c6c8ab72c7637242b68295f8b6eb36?s=96&d=mm&r=g\",\"url\":\"https:\\\/\\\/secure.gravatar.com\\\/avatar\\\/57dfc6b92119c0d9c4ea846b9365edd591c6c8ab72c7637242b68295f8b6eb36?s=96&d=mm&r=g\",\"contentUrl\":\"https:\\\/\\\/secure.gravatar.com\\\/avatar\\\/57dfc6b92119c0d9c4ea846b9365edd591c6c8ab72c7637242b68295f8b6eb36?s=96&d=mm&r=g\",\"caption\":\"admin_c4com\"},\"url\":\"https:\\\/\\\/fracs.aero\\\/fr\\\/author\\\/admin_c4com\\\/\"}]}<\/script>\n<!-- \/ Yoast SEO plugin. -->","yoast_head_json":{"title":"Sudan Airspace Design restructuring : Kick Off Meeting \u00e0 Khartoum - France Aviation Civile Services","robots":{"index":"index","follow":"follow","max-snippet":"max-snippet:-1","max-image-preview":"max-image-preview:large","max-video-preview":"max-video-preview:-1"},"canonical":"https:\/\/fracs.aero\/fr\/2016\/02\/15\/sudan-airspace-design-restructuring-kick-off-meeting-a-khartoum\/","og_locale":"fr_FR","og_type":"article","og_title":"Sudan Airspace Design restructuring : Kick Off Meeting \u00e0 Khartoum - France Aviation Civile Services","og_description":"Le Kick-Off Meeting du projet de restructuration de l\u2019espace a\u00e9rien soudanais a eu lieu \u00e0 Khartoum ce mardi 15 f\u00e9vrier, sous l\u2019\u00e9gide des \u00e9quipes de DSNA Services et de CGX A\u00e9ro, et en pr\u00e9sence du Directeur G\u00e9n\u00e9ral de l\u2019aviation civile Soudanaise (SCAA), de l\u2019Ambassadeur de France au Soudan, des repr\u00e9sentants de IATA et de plusieurs [&hellip;]","og_url":"https:\/\/fracs.aero\/fr\/2016\/02\/15\/sudan-airspace-design-restructuring-kick-off-meeting-a-khartoum\/","og_site_name":"France Aviation Civile Services","article_published_time":"2016-02-15T21:44:16+00:00","article_modified_time":"2024-10-22T21:06:32+00:00","og_image":[{"width":1030,"height":421,"url":"https:\/\/fracs.aero\/wp-content\/uploads\/2018\/07\/KOM-post-1030x421.jpg","type":"image\/jpeg"}],"author":"admin_c4com","twitter_card":"summary_large_image","twitter_creator":"@fracsaero","twitter_site":"@fracsaero","twitter_misc":{"\u00c9crit par":"admin_c4com","Dur\u00e9e de lecture estim\u00e9e":"1 minute"},"schema":{"@context":"https:\/\/schema.org","@graph":[{"@type":"Article","@id":"https:\/\/fracs.aero\/fr\/2016\/02\/15\/sudan-airspace-design-restructuring-kick-off-meeting-a-khartoum\/#article","isPartOf":{"@id":"https:\/\/fracs.aero\/fr\/2016\/02\/15\/sudan-airspace-design-restructuring-kick-off-meeting-a-khartoum\/"},"author":{"name":"admin_c4com","@id":"https:\/\/fracs.aero\/fr\/#\/schema\/person\/3222c26523ed0e5e952220f697e48267"},"headline":"Sudan Airspace Design restructuring : Kick Off Meeting \u00e0 Khartoum","datePublished":"2016-02-15T21:44:16+00:00","dateModified":"2024-10-22T21:06:32+00:00","mainEntityOfPage":{"@id":"https:\/\/fracs.aero\/fr\/2016\/02\/15\/sudan-airspace-design-restructuring-kick-off-meeting-a-khartoum\/"},"wordCount":154,"publisher":{"@id":"https:\/\/fracs.aero\/fr\/#organization"},"image":{"@id":"https:\/\/fracs.aero\/fr\/2016\/02\/15\/sudan-airspace-design-restructuring-kick-off-meeting-a-khartoum\/#primaryimage"},"thumbnailUrl":"https:\/\/fracs.aero\/wp-content\/uploads\/2018\/07\/KOM-post.jpg","keywords":["OPTIMISATION DES OP\u00c9RATIONS"],"articleSection":["ACTUALIT\u00c9S"],"inLanguage":"fr-FR"},{"@type":"WebPage","@id":"https:\/\/fracs.aero\/fr\/2016\/02\/15\/sudan-airspace-design-restructuring-kick-off-meeting-a-khartoum\/","url":"https:\/\/fracs.aero\/fr\/2016\/02\/15\/sudan-airspace-design-restructuring-kick-off-meeting-a-khartoum\/","name":"Sudan Airspace Design restructuring : Kick Off Meeting \u00e0 Khartoum - France Aviation Civile Services","isPartOf":{"@id":"https:\/\/fracs.aero\/fr\/#website"},"primaryImageOfPage":{"@id":"https:\/\/fracs.aero\/fr\/2016\/02\/15\/sudan-airspace-design-restructuring-kick-off-meeting-a-khartoum\/#primaryimage"},"image":{"@id":"https:\/\/fracs.aero\/fr\/2016\/02\/15\/sudan-airspace-design-restructuring-kick-off-meeting-a-khartoum\/#primaryimage"},"thumbnailUrl":"https:\/\/fracs.aero\/wp-content\/uploads\/2018\/07\/KOM-post.jpg","datePublished":"2016-02-15T21:44:16+00:00","dateModified":"2024-10-22T21:06:32+00:00","breadcrumb":{"@id":"https:\/\/fracs.aero\/fr\/2016\/02\/15\/sudan-airspace-design-restructuring-kick-off-meeting-a-khartoum\/#breadcrumb"},"inLanguage":"fr-FR","potentialAction":[{"@type":"ReadAction","target":["https:\/\/fracs.aero\/fr\/2016\/02\/15\/sudan-airspace-design-restructuring-kick-off-meeting-a-khartoum\/"]}]},{"@type":"ImageObject","inLanguage":"fr-FR","@id":"https:\/\/fracs.aero\/fr\/2016\/02\/15\/sudan-airspace-design-restructuring-kick-off-meeting-a-khartoum\/#primaryimage","url":"https:\/\/fracs.aero\/wp-content\/uploads\/2018\/07\/KOM-post.jpg","contentUrl":"https:\/\/fracs.aero\/wp-content\/uploads\/2018\/07\/KOM-post.jpg","width":4128,"height":1686},{"@type":"BreadcrumbList","@id":"https:\/\/fracs.aero\/fr\/2016\/02\/15\/sudan-airspace-design-restructuring-kick-off-meeting-a-khartoum\/#breadcrumb","itemListElement":[{"@type":"ListItem","position":1,"name":"Home","item":"https:\/\/fracs.aero\/fr\/"},{"@type":"ListItem","position":2,"name":"Sudan Airspace Design restructuring : Kick Off Meeting \u00e0 Khartoum"}]},{"@type":"WebSite","@id":"https:\/\/fracs.aero\/fr\/#website","url":"https:\/\/fracs.aero\/fr\/","name":"France Aviation Civile Services","description":"France Aviation Civile Services","publisher":{"@id":"https:\/\/fracs.aero\/fr\/#organization"},"potentialAction":[{"@type":"SearchAction","target":{"@type":"EntryPoint","urlTemplate":"https:\/\/fracs.aero\/fr\/?s={search_term_string}"},"query-input":{"@type":"PropertyValueSpecification","valueRequired":true,"valueName":"search_term_string"}}],"inLanguage":"fr-FR"},{"@type":"Organization","@id":"https:\/\/fracs.aero\/fr\/#organization","name":"France Aviation Civile Services","url":"https:\/\/fracs.aero\/fr\/","logo":{"@type":"ImageObject","inLanguage":"fr-FR","@id":"https:\/\/fracs.aero\/fr\/#\/schema\/logo\/image\/","url":"https:\/\/fracs.aero\/wp-content\/uploads\/2019\/08\/FRACS-for-web-1.png","contentUrl":"https:\/\/fracs.aero\/wp-content\/uploads\/2019\/08\/FRACS-for-web-1.png","width":340,"height":156,"caption":"France Aviation Civile Services"},"image":{"@id":"https:\/\/fracs.aero\/fr\/#\/schema\/logo\/image\/"},"sameAs":["https:\/\/x.com\/fracsaero","https:\/\/www.linkedin.com\/company\/fracs\/"]},{"@type":"Person","@id":"https:\/\/fracs.aero\/fr\/#\/schema\/person\/3222c26523ed0e5e952220f697e48267","name":"admin_c4com","image":{"@type":"ImageObject","inLanguage":"fr-FR","@id":"https:\/\/secure.gravatar.com\/avatar\/57dfc6b92119c0d9c4ea846b9365edd591c6c8ab72c7637242b68295f8b6eb36?s=96&d=mm&r=g","url":"https:\/\/secure.gravatar.com\/avatar\/57dfc6b92119c0d9c4ea846b9365edd591c6c8ab72c7637242b68295f8b6eb36?s=96&d=mm&r=g","contentUrl":"https:\/\/secure.gravatar.com\/avatar\/57dfc6b92119c0d9c4ea846b9365edd591c6c8ab72c7637242b68295f8b6eb36?s=96&d=mm&r=g","caption":"admin_c4com"},"url":"https:\/\/fracs.aero\/fr\/author\/admin_c4com\/"}]}},"_links":{"self":[{"href":"https:\/\/fracs.aero\/fr\/wp-json\/wp\/v2\/posts\/1214","targetHints":{"allow":["GET"]}}],"collection":[{"href":"https:\/\/fracs.aero\/fr\/wp-json\/wp\/v2\/posts"}],"about":[{"href":"https:\/\/fracs.aero\/fr\/wp-json\/wp\/v2\/types\/post"}],"author":[{"embeddable":true,"href":"https:\/\/fracs.aero\/fr\/wp-json\/wp\/v2\/users\/1"}],"replies":[{"embeddable":true,"href":"https:\/\/fracs.aero\/fr\/wp-json\/wp\/v2\/comments?post=1214"}],"version-history":[{"count":1,"href":"https:\/\/fracs.aero\/fr\/wp-json\/wp\/v2\/posts\/1214\/revisions"}],"predecessor-version":[{"id":6983,"href":"https:\/\/fracs.aero\/fr\/wp-json\/wp\/v2\/posts\/1214\/revisions\/6983"}],"wp:featuredmedia":[{"embeddable":true,"href":"https:\/\/fracs.aero\/fr\/wp-json\/wp\/v2\/media\/1223"}],"wp:attachment":[{"href":"https:\/\/fracs.aero\/fr\/wp-json\/wp\/v2\/media?parent=1214"}],"wp:term":[{"taxonomy":"category","embeddable":true,"href":"https:\/\/fracs.aero\/fr\/wp-json\/wp\/v2\/categories?post=1214"},{"taxonomy":"post_tag","embeddable":true,"href":"https:\/\/fracs.aero\/fr\/wp-json\/wp\/v2\/tags?post=1214"}],"curies":[{"name":"wp","href":"https:\/\/api.w.org\/{rel}","templated":true}]}}