{"id":1841,"date":"2018-10-02T09:51:58","date_gmt":"2018-10-02T07:51:58","guid":{"rendered":"https:\/\/fracs.aero\/\/?p=1841"},"modified":"2024-10-22T23:06:29","modified_gmt":"2024-10-22T21:06:29","slug":"ensemble-avec-lofnac-pour-moderniser-la-navigation-aerienne","status":"publish","type":"post","link":"https:\/\/fracs.aero\/fr\/2018\/10\/02\/ensemble-avec-lofnac-pour-moderniser-la-navigation-aerienne\/","title":{"rendered":"Ensemble avec l\u2019OFNAC pour moderniser la navigation a\u00e9rienne"},"content":{"rendered":"<h1><\/h1>\n<h4>Accompagnement intensif des services de navigation a\u00e9rienne<\/h4>\n<p>En novembre 2013, l\u2019OFNAC et DSNA Services s\u2019engageaient \u00e0 travailler ensemble. Tr\u00e8s rapidement les r\u00e9sultats sont l\u00e0\u00a0: nouveaux Manuels d\u2019exploitation pour Port-au-Prince, pour Cap Ha\u00eftien et le service technique, un processus de gestion des licences, un manuel SMS, une contribution au SAR et \u00e0 l\u2019AIS\u2026 La liste des fondations mises en \u0153uvre et conformes aux exigences de l\u2019OACI est tr\u00e8s importante.<\/p>\n<p>Apr\u00e8s une premi\u00e8re phase de travail sur les textes et les m\u00e9thodes, une seconde phase d\u2019accompagnement intensif a permis d\u2019acc\u00e9l\u00e9rer la modernisation gr\u00e2ce \u00e0 6 dynamiques\u00a0: Management, Qualit\u00e9 de Service et s\u00e9curit\u00e9, AIS, Formation op\u00e9rationnelle, ATS et CNS.<\/p>\n<p>La pr\u00e9sence en continu de nos experts a permis d\u2019ancrer les avanc\u00e9es et d\u2019assurer un r\u00e9el transfert de connaissances.<\/p>\n<h4>Et inspection en vol des moyens de radionavigation<\/h4>\n<p>En Mai 2015, puis en Juin 2018, DSNA Services a r\u00e9alis\u00e9 l\u2019inspection en vol des moyens de radionavigation ha\u00eftiens, en collaboration avec le service Contr\u00f4le En Vol de la DSNA\/DTI et les pilotes de l\u2019ENAC. Les missions d\u2019inspection de mise en service et d\u2019inspection p\u00e9riodique repr\u00e9sentent un peu plus de 40 heures de vol.<\/p>\n<p>L\u2019inspection en vol des ILS et VOR-DME de l\u2019a\u00e9roport international de Port-au-Prince (MTPP), et du VOR-DME de l\u2019a\u00e9roport international de Cap Ha\u00eftien (MTCH) a permis d\u2019\u00e9valuer et de certifier le signal dans l\u2019espace, \u00e0 l\u2019aide d\u2019un Beechcraft 90 \u00e9quip\u00e9 de syst\u00e8mes automatis\u00e9s de calibration en vol.<\/p>\n<p>L\u2019\u00e9quipe a assur\u00e9 les mesures en vol et l\u2019analyse des param\u00e8tres de performance mais \u00e9galement fourni une assistance au sol \u00e0 l\u2019\u00e9quipe de maintenance locale pour le r\u00e9glage optimal des \u00e9quipements. Une forte valeur ajout\u00e9e, appr\u00e9ci\u00e9e par les \u00e9quipes de l\u2019OFNAC.<\/p>\n<p>La coop\u00e9ration fructueuse entre l\u2019OFNAC et DSNA Services est ainsi motiv\u00e9e par l\u2019objectif commun de conformit\u00e9 aux recommandations OACI applicables aux moyens de radionavigation mis \u00e0 disposition, pour la s\u00e9curit\u00e9 et la r\u00e9gularit\u00e9 du transport a\u00e9rien.<\/p>\n<p class=\"p1\"><span class=\"s1\">Consulter ici toutes les publications \u00ab <a href=\"https:\/\/fracs.aero\/\/fr\/tag\/ensemble-fr\/\">Ensemble<\/a> \u00bb num\u00e9ros 1 \u00e0 8,\u00a02013-2015, OFNAC et DSNA Services<\/span><\/p>\n","protected":false},"excerpt":{"rendered":"<p>Accompagnement intensif des services de navigation a\u00e9rienne En novembre 2013, l\u2019OFNAC et DSNA Services s\u2019engageaient \u00e0 travailler ensemble. Tr\u00e8s rapidement les r\u00e9sultats sont l\u00e0\u00a0: nouveaux Manuels d\u2019exploitation pour Port-au-Prince, pour Cap Ha\u00eftien et le service technique, un processus de gestion des licences, un manuel SMS, une contribution au SAR et \u00e0 l\u2019AIS\u2026 La liste des [&hellip;]<\/p>\n","protected":false},"author":1,"featured_media":1894,"comment_status":"closed","ping_status":"closed","sticky":false,"template":"","format":"standard","meta":{"cybocfi_hide_featured_image":"","footnotes":""},"categories":[25],"tags":[],"class_list":["post-1841","post","type-post","status-publish","format-standard","has-post-thumbnail","hentry","category-actualites"],"yoast_head":"<!-- This site is optimized with the Yoast SEO plugin v26.6 - https:\/\/yoast.com\/wordpress\/plugins\/seo\/ -->\n<title>Ensemble avec l\u2019OFNAC pour moderniser la navigation a\u00e9rienne - France Aviation Civile Services<\/title>\n<meta name=\"robots\" content=\"index, follow, max-snippet:-1, max-image-preview:large, max-video-preview:-1\" \/>\n<link rel=\"canonical\" href=\"https:\/\/fracs.aero\/fr\/2018\/10\/02\/ensemble-avec-lofnac-pour-moderniser-la-navigation-aerienne\/\" \/>\n<meta property=\"og:locale\" content=\"fr_FR\" \/>\n<meta property=\"og:type\" content=\"article\" \/>\n<meta property=\"og:title\" content=\"Ensemble avec l\u2019OFNAC pour moderniser la navigation a\u00e9rienne - France Aviation Civile Services\" \/>\n<meta property=\"og:description\" content=\"Accompagnement intensif des services de navigation a\u00e9rienne En novembre 2013, l\u2019OFNAC et DSNA Services s\u2019engageaient \u00e0 travailler ensemble. Tr\u00e8s rapidement les r\u00e9sultats sont l\u00e0\u00a0: nouveaux Manuels d\u2019exploitation pour Port-au-Prince, pour Cap Ha\u00eftien et le service technique, un processus de gestion des licences, un manuel SMS, une contribution au SAR et \u00e0 l\u2019AIS\u2026 La liste des [&hellip;]\" \/>\n<meta property=\"og:url\" content=\"https:\/\/fracs.aero\/fr\/2018\/10\/02\/ensemble-avec-lofnac-pour-moderniser-la-navigation-aerienne\/\" \/>\n<meta property=\"og:site_name\" content=\"France Aviation Civile Services\" \/>\n<meta property=\"article:published_time\" content=\"2018-10-02T07:51:58+00:00\" \/>\n<meta property=\"article:modified_time\" content=\"2024-10-22T21:06:29+00:00\" \/>\n<meta property=\"og:image\" content=\"https:\/\/fracs.aero\/wp-content\/uploads\/2018\/10\/article1-navigationaerienne-WEB-1.jpg\" \/>\n\t<meta property=\"og:image:width\" content=\"700\" \/>\n\t<meta property=\"og:image:height\" content=\"300\" \/>\n\t<meta property=\"og:image:type\" content=\"image\/jpeg\" \/>\n<meta name=\"author\" content=\"admin_c4com\" \/>\n<meta name=\"twitter:card\" content=\"summary_large_image\" \/>\n<meta name=\"twitter:creator\" content=\"@fracsaero\" \/>\n<meta name=\"twitter:site\" content=\"@fracsaero\" \/>\n<meta name=\"twitter:label1\" content=\"\u00c9crit par\" \/>\n\t<meta name=\"twitter:data1\" content=\"admin_c4com\" \/>\n\t<meta name=\"twitter:label2\" content=\"Dur\u00e9e de lecture estim\u00e9e\" \/>\n\t<meta name=\"twitter:data2\" content=\"2 minutes\" \/>\n<script type=\"application\/ld+json\" class=\"yoast-schema-graph\">{\"@context\":\"https:\/\/schema.org\",\"@graph\":[{\"@type\":\"Article\",\"@id\":\"https:\/\/fracs.aero\/fr\/2018\/10\/02\/ensemble-avec-lofnac-pour-moderniser-la-navigation-aerienne\/#article\",\"isPartOf\":{\"@id\":\"https:\/\/fracs.aero\/fr\/2018\/10\/02\/ensemble-avec-lofnac-pour-moderniser-la-navigation-aerienne\/\"},\"author\":{\"name\":\"admin_c4com\",\"@id\":\"https:\/\/fracs.aero\/fr\/#\/schema\/person\/3222c26523ed0e5e952220f697e48267\"},\"headline\":\"Ensemble avec l\u2019OFNAC pour moderniser la navigation a\u00e9rienne\",\"datePublished\":\"2018-10-02T07:51:58+00:00\",\"dateModified\":\"2024-10-22T21:06:29+00:00\",\"mainEntityOfPage\":{\"@id\":\"https:\/\/fracs.aero\/fr\/2018\/10\/02\/ensemble-avec-lofnac-pour-moderniser-la-navigation-aerienne\/\"},\"wordCount\":384,\"publisher\":{\"@id\":\"https:\/\/fracs.aero\/fr\/#organization\"},\"image\":{\"@id\":\"https:\/\/fracs.aero\/fr\/2018\/10\/02\/ensemble-avec-lofnac-pour-moderniser-la-navigation-aerienne\/#primaryimage\"},\"thumbnailUrl\":\"https:\/\/fracs.aero\/wp-content\/uploads\/2018\/10\/article1-navigationaerienne-WEB-1.jpg\",\"articleSection\":[\"ACTUALIT\u00c9S\"],\"inLanguage\":\"fr-FR\"},{\"@type\":\"WebPage\",\"@id\":\"https:\/\/fracs.aero\/fr\/2018\/10\/02\/ensemble-avec-lofnac-pour-moderniser-la-navigation-aerienne\/\",\"url\":\"https:\/\/fracs.aero\/fr\/2018\/10\/02\/ensemble-avec-lofnac-pour-moderniser-la-navigation-aerienne\/\",\"name\":\"Ensemble avec l\u2019OFNAC pour moderniser la navigation a\u00e9rienne - France Aviation Civile Services\",\"isPartOf\":{\"@id\":\"https:\/\/fracs.aero\/fr\/#website\"},\"primaryImageOfPage\":{\"@id\":\"https:\/\/fracs.aero\/fr\/2018\/10\/02\/ensemble-avec-lofnac-pour-moderniser-la-navigation-aerienne\/#primaryimage\"},\"image\":{\"@id\":\"https:\/\/fracs.aero\/fr\/2018\/10\/02\/ensemble-avec-lofnac-pour-moderniser-la-navigation-aerienne\/#primaryimage\"},\"thumbnailUrl\":\"https:\/\/fracs.aero\/wp-content\/uploads\/2018\/10\/article1-navigationaerienne-WEB-1.jpg\",\"datePublished\":\"2018-10-02T07:51:58+00:00\",\"dateModified\":\"2024-10-22T21:06:29+00:00\",\"breadcrumb\":{\"@id\":\"https:\/\/fracs.aero\/fr\/2018\/10\/02\/ensemble-avec-lofnac-pour-moderniser-la-navigation-aerienne\/#breadcrumb\"},\"inLanguage\":\"fr-FR\",\"potentialAction\":[{\"@type\":\"ReadAction\",\"target\":[\"https:\/\/fracs.aero\/fr\/2018\/10\/02\/ensemble-avec-lofnac-pour-moderniser-la-navigation-aerienne\/\"]}]},{\"@type\":\"ImageObject\",\"inLanguage\":\"fr-FR\",\"@id\":\"https:\/\/fracs.aero\/fr\/2018\/10\/02\/ensemble-avec-lofnac-pour-moderniser-la-navigation-aerienne\/#primaryimage\",\"url\":\"https:\/\/fracs.aero\/wp-content\/uploads\/2018\/10\/article1-navigationaerienne-WEB-1.jpg\",\"contentUrl\":\"https:\/\/fracs.aero\/wp-content\/uploads\/2018\/10\/article1-navigationaerienne-WEB-1.jpg\",\"width\":700,\"height\":300},{\"@type\":\"BreadcrumbList\",\"@id\":\"https:\/\/fracs.aero\/fr\/2018\/10\/02\/ensemble-avec-lofnac-pour-moderniser-la-navigation-aerienne\/#breadcrumb\",\"itemListElement\":[{\"@type\":\"ListItem\",\"position\":1,\"name\":\"Home\",\"item\":\"https:\/\/fracs.aero\/fr\/\"},{\"@type\":\"ListItem\",\"position\":2,\"name\":\"Ensemble avec l\u2019OFNAC pour moderniser la navigation a\u00e9rienne\"}]},{\"@type\":\"WebSite\",\"@id\":\"https:\/\/fracs.aero\/fr\/#website\",\"url\":\"https:\/\/fracs.aero\/fr\/\",\"name\":\"France Aviation Civile Services\",\"description\":\"France Aviation Civile Services\",\"publisher\":{\"@id\":\"https:\/\/fracs.aero\/fr\/#organization\"},\"potentialAction\":[{\"@type\":\"SearchAction\",\"target\":{\"@type\":\"EntryPoint\",\"urlTemplate\":\"https:\/\/fracs.aero\/fr\/?s={search_term_string}\"},\"query-input\":{\"@type\":\"PropertyValueSpecification\",\"valueRequired\":true,\"valueName\":\"search_term_string\"}}],\"inLanguage\":\"fr-FR\"},{\"@type\":\"Organization\",\"@id\":\"https:\/\/fracs.aero\/fr\/#organization\",\"name\":\"France Aviation Civile Services\",\"url\":\"https:\/\/fracs.aero\/fr\/\",\"logo\":{\"@type\":\"ImageObject\",\"inLanguage\":\"fr-FR\",\"@id\":\"https:\/\/fracs.aero\/fr\/#\/schema\/logo\/image\/\",\"url\":\"https:\/\/fracs.aero\/wp-content\/uploads\/2019\/08\/FRACS-for-web-1.png\",\"contentUrl\":\"https:\/\/fracs.aero\/wp-content\/uploads\/2019\/08\/FRACS-for-web-1.png\",\"width\":340,\"height\":156,\"caption\":\"France Aviation Civile Services\"},\"image\":{\"@id\":\"https:\/\/fracs.aero\/fr\/#\/schema\/logo\/image\/\"},\"sameAs\":[\"https:\/\/x.com\/fracsaero\",\"https:\/\/www.linkedin.com\/company\/fracs\/\"]},{\"@type\":\"Person\",\"@id\":\"https:\/\/fracs.aero\/fr\/#\/schema\/person\/3222c26523ed0e5e952220f697e48267\",\"name\":\"admin_c4com\",\"image\":{\"@type\":\"ImageObject\",\"inLanguage\":\"fr-FR\",\"@id\":\"https:\/\/fracs.aero\/fr\/#\/schema\/person\/image\/\",\"url\":\"https:\/\/secure.gravatar.com\/avatar\/57dfc6b92119c0d9c4ea846b9365edd591c6c8ab72c7637242b68295f8b6eb36?s=96&d=mm&r=g\",\"contentUrl\":\"https:\/\/secure.gravatar.com\/avatar\/57dfc6b92119c0d9c4ea846b9365edd591c6c8ab72c7637242b68295f8b6eb36?s=96&d=mm&r=g\",\"caption\":\"admin_c4com\"},\"url\":\"https:\/\/fracs.aero\/fr\/author\/admin_c4com\/\"}]}<\/script>\n<!-- \/ Yoast SEO plugin. -->","yoast_head_json":{"title":"Ensemble avec l\u2019OFNAC pour moderniser la navigation a\u00e9rienne - France Aviation Civile Services","robots":{"index":"index","follow":"follow","max-snippet":"max-snippet:-1","max-image-preview":"max-image-preview:large","max-video-preview":"max-video-preview:-1"},"canonical":"https:\/\/fracs.aero\/fr\/2018\/10\/02\/ensemble-avec-lofnac-pour-moderniser-la-navigation-aerienne\/","og_locale":"fr_FR","og_type":"article","og_title":"Ensemble avec l\u2019OFNAC pour moderniser la navigation a\u00e9rienne - France Aviation Civile Services","og_description":"Accompagnement intensif des services de navigation a\u00e9rienne En novembre 2013, l\u2019OFNAC et DSNA Services s\u2019engageaient \u00e0 travailler ensemble. Tr\u00e8s rapidement les r\u00e9sultats sont l\u00e0\u00a0: nouveaux Manuels d\u2019exploitation pour Port-au-Prince, pour Cap Ha\u00eftien et le service technique, un processus de gestion des licences, un manuel SMS, une contribution au SAR et \u00e0 l\u2019AIS\u2026 La liste des [&hellip;]","og_url":"https:\/\/fracs.aero\/fr\/2018\/10\/02\/ensemble-avec-lofnac-pour-moderniser-la-navigation-aerienne\/","og_site_name":"France Aviation Civile Services","article_published_time":"2018-10-02T07:51:58+00:00","article_modified_time":"2024-10-22T21:06:29+00:00","og_image":[{"width":700,"height":300,"url":"https:\/\/fracs.aero\/wp-content\/uploads\/2018\/10\/article1-navigationaerienne-WEB-1.jpg","type":"image\/jpeg"}],"author":"admin_c4com","twitter_card":"summary_large_image","twitter_creator":"@fracsaero","twitter_site":"@fracsaero","twitter_misc":{"\u00c9crit par":"admin_c4com","Dur\u00e9e de lecture estim\u00e9e":"2 minutes"},"schema":{"@context":"https:\/\/schema.org","@graph":[{"@type":"Article","@id":"https:\/\/fracs.aero\/fr\/2018\/10\/02\/ensemble-avec-lofnac-pour-moderniser-la-navigation-aerienne\/#article","isPartOf":{"@id":"https:\/\/fracs.aero\/fr\/2018\/10\/02\/ensemble-avec-lofnac-pour-moderniser-la-navigation-aerienne\/"},"author":{"name":"admin_c4com","@id":"https:\/\/fracs.aero\/fr\/#\/schema\/person\/3222c26523ed0e5e952220f697e48267"},"headline":"Ensemble avec l\u2019OFNAC pour moderniser la navigation a\u00e9rienne","datePublished":"2018-10-02T07:51:58+00:00","dateModified":"2024-10-22T21:06:29+00:00","mainEntityOfPage":{"@id":"https:\/\/fracs.aero\/fr\/2018\/10\/02\/ensemble-avec-lofnac-pour-moderniser-la-navigation-aerienne\/"},"wordCount":384,"publisher":{"@id":"https:\/\/fracs.aero\/fr\/#organization"},"image":{"@id":"https:\/\/fracs.aero\/fr\/2018\/10\/02\/ensemble-avec-lofnac-pour-moderniser-la-navigation-aerienne\/#primaryimage"},"thumbnailUrl":"https:\/\/fracs.aero\/wp-content\/uploads\/2018\/10\/article1-navigationaerienne-WEB-1.jpg","articleSection":["ACTUALIT\u00c9S"],"inLanguage":"fr-FR"},{"@type":"WebPage","@id":"https:\/\/fracs.aero\/fr\/2018\/10\/02\/ensemble-avec-lofnac-pour-moderniser-la-navigation-aerienne\/","url":"https:\/\/fracs.aero\/fr\/2018\/10\/02\/ensemble-avec-lofnac-pour-moderniser-la-navigation-aerienne\/","name":"Ensemble avec l\u2019OFNAC pour moderniser la navigation a\u00e9rienne - France Aviation Civile Services","isPartOf":{"@id":"https:\/\/fracs.aero\/fr\/#website"},"primaryImageOfPage":{"@id":"https:\/\/fracs.aero\/fr\/2018\/10\/02\/ensemble-avec-lofnac-pour-moderniser-la-navigation-aerienne\/#primaryimage"},"image":{"@id":"https:\/\/fracs.aero\/fr\/2018\/10\/02\/ensemble-avec-lofnac-pour-moderniser-la-navigation-aerienne\/#primaryimage"},"thumbnailUrl":"https:\/\/fracs.aero\/wp-content\/uploads\/2018\/10\/article1-navigationaerienne-WEB-1.jpg","datePublished":"2018-10-02T07:51:58+00:00","dateModified":"2024-10-22T21:06:29+00:00","breadcrumb":{"@id":"https:\/\/fracs.aero\/fr\/2018\/10\/02\/ensemble-avec-lofnac-pour-moderniser-la-navigation-aerienne\/#breadcrumb"},"inLanguage":"fr-FR","potentialAction":[{"@type":"ReadAction","target":["https:\/\/fracs.aero\/fr\/2018\/10\/02\/ensemble-avec-lofnac-pour-moderniser-la-navigation-aerienne\/"]}]},{"@type":"ImageObject","inLanguage":"fr-FR","@id":"https:\/\/fracs.aero\/fr\/2018\/10\/02\/ensemble-avec-lofnac-pour-moderniser-la-navigation-aerienne\/#primaryimage","url":"https:\/\/fracs.aero\/wp-content\/uploads\/2018\/10\/article1-navigationaerienne-WEB-1.jpg","contentUrl":"https:\/\/fracs.aero\/wp-content\/uploads\/2018\/10\/article1-navigationaerienne-WEB-1.jpg","width":700,"height":300},{"@type":"BreadcrumbList","@id":"https:\/\/fracs.aero\/fr\/2018\/10\/02\/ensemble-avec-lofnac-pour-moderniser-la-navigation-aerienne\/#breadcrumb","itemListElement":[{"@type":"ListItem","position":1,"name":"Home","item":"https:\/\/fracs.aero\/fr\/"},{"@type":"ListItem","position":2,"name":"Ensemble avec l\u2019OFNAC pour moderniser la navigation a\u00e9rienne"}]},{"@type":"WebSite","@id":"https:\/\/fracs.aero\/fr\/#website","url":"https:\/\/fracs.aero\/fr\/","name":"France Aviation Civile Services","description":"France Aviation Civile Services","publisher":{"@id":"https:\/\/fracs.aero\/fr\/#organization"},"potentialAction":[{"@type":"SearchAction","target":{"@type":"EntryPoint","urlTemplate":"https:\/\/fracs.aero\/fr\/?s={search_term_string}"},"query-input":{"@type":"PropertyValueSpecification","valueRequired":true,"valueName":"search_term_string"}}],"inLanguage":"fr-FR"},{"@type":"Organization","@id":"https:\/\/fracs.aero\/fr\/#organization","name":"France Aviation Civile Services","url":"https:\/\/fracs.aero\/fr\/","logo":{"@type":"ImageObject","inLanguage":"fr-FR","@id":"https:\/\/fracs.aero\/fr\/#\/schema\/logo\/image\/","url":"https:\/\/fracs.aero\/wp-content\/uploads\/2019\/08\/FRACS-for-web-1.png","contentUrl":"https:\/\/fracs.aero\/wp-content\/uploads\/2019\/08\/FRACS-for-web-1.png","width":340,"height":156,"caption":"France Aviation Civile Services"},"image":{"@id":"https:\/\/fracs.aero\/fr\/#\/schema\/logo\/image\/"},"sameAs":["https:\/\/x.com\/fracsaero","https:\/\/www.linkedin.com\/company\/fracs\/"]},{"@type":"Person","@id":"https:\/\/fracs.aero\/fr\/#\/schema\/person\/3222c26523ed0e5e952220f697e48267","name":"admin_c4com","image":{"@type":"ImageObject","inLanguage":"fr-FR","@id":"https:\/\/fracs.aero\/fr\/#\/schema\/person\/image\/","url":"https:\/\/secure.gravatar.com\/avatar\/57dfc6b92119c0d9c4ea846b9365edd591c6c8ab72c7637242b68295f8b6eb36?s=96&d=mm&r=g","contentUrl":"https:\/\/secure.gravatar.com\/avatar\/57dfc6b92119c0d9c4ea846b9365edd591c6c8ab72c7637242b68295f8b6eb36?s=96&d=mm&r=g","caption":"admin_c4com"},"url":"https:\/\/fracs.aero\/fr\/author\/admin_c4com\/"}]}},"_links":{"self":[{"href":"https:\/\/fracs.aero\/fr\/wp-json\/wp\/v2\/posts\/1841","targetHints":{"allow":["GET"]}}],"collection":[{"href":"https:\/\/fracs.aero\/fr\/wp-json\/wp\/v2\/posts"}],"about":[{"href":"https:\/\/fracs.aero\/fr\/wp-json\/wp\/v2\/types\/post"}],"author":[{"embeddable":true,"href":"https:\/\/fracs.aero\/fr\/wp-json\/wp\/v2\/users\/1"}],"replies":[{"embeddable":true,"href":"https:\/\/fracs.aero\/fr\/wp-json\/wp\/v2\/comments?post=1841"}],"version-history":[{"count":1,"href":"https:\/\/fracs.aero\/fr\/wp-json\/wp\/v2\/posts\/1841\/revisions"}],"predecessor-version":[{"id":6965,"href":"https:\/\/fracs.aero\/fr\/wp-json\/wp\/v2\/posts\/1841\/revisions\/6965"}],"wp:featuredmedia":[{"embeddable":true,"href":"https:\/\/fracs.aero\/fr\/wp-json\/wp\/v2\/media\/1894"}],"wp:attachment":[{"href":"https:\/\/fracs.aero\/fr\/wp-json\/wp\/v2\/media?parent=1841"}],"wp:term":[{"taxonomy":"category","embeddable":true,"href":"https:\/\/fracs.aero\/fr\/wp-json\/wp\/v2\/categories?post=1841"},{"taxonomy":"post_tag","embeddable":true,"href":"https:\/\/fracs.aero\/fr\/wp-json\/wp\/v2\/tags?post=1841"}],"curies":[{"name":"wp","href":"https:\/\/api.w.org\/{rel}","templated":true}]}}