{"id":2270,"date":"2019-03-27T08:48:08","date_gmt":"2019-03-27T06:48:08","guid":{"rendered":"https:\/\/fracs.aero\/\/?p=2270"},"modified":"2024-10-22T23:07:16","modified_gmt":"2024-10-22T21:07:16","slug":"seminaire-haiti","status":"publish","type":"post","link":"https:\/\/fracs.aero\/fr\/2019\/03\/27\/seminaire-haiti\/","title":{"rendered":"S\u00e9minaire sur les activit\u00e9s de supervision de la s\u00e9curit\u00e9 en Ha\u00efti"},"content":{"rendered":"<p>Le projet de fondation d\u2019une autorit\u00e9 de surveillance en Ha\u00efti, initi\u00e9 en 2015, se poursuit en collaboration avec les experts de l\u2019autorit\u00e9 de surveillance fran\u00e7aise (DSAC). Ces trois derni\u00e8res ann\u00e9es, ce sont pr\u00e8s de 20 experts qui sont intervenus au sein de ce partenariat visant \u00e0 fonder, structurer et faire fonctionner une autorit\u00e9 de surveillance de la s\u00e9curit\u00e9 a\u00e9rienne dans ce pays, suite aux recommandations formul\u00e9es par l\u2019OACI.<\/p>\n<p>A l\u2019occasion des 3 ans du projet, alors que 12 semaines de formation th\u00e9orique pour les inspecteurs de surveillance de l\u2019OFNAC dans l\u2019ensemble des domaines techniques viennent de s\u2019achever, DSNA Services et la DSAC ont r\u00e9uni l\u2019\u00e9quipe projet les 7 et 8 f\u00e9vrier \u00e0 Paris pour un s\u00e9minaire strat\u00e9gique.<\/p>\n<p>Ce s\u00e9minaire a permis de faire le point apr\u00e8s la r\u00e9union de suivi du plan d\u2019action correctif de Ha\u00efti \u00e0 Mexico par le bureau r\u00e9gional de l\u2019OACI en janvier.<\/p>\n<p>Il a aussi et surtout donn\u00e9 l\u2019opportunit\u00e9 \u00e0 l\u2019\u00e9quipe projet de faire un retour d\u2019exp\u00e9rience sur les forces et les faiblesses de nos interventions \u00e0 l\u2019international, en pr\u00e9sence de M. Patrick CIPRIANI, Directeur de la DSAC, et sa directrice de cabinet Mme Na\u00efma COBO, de M. Farid ZIZI, Directeur de DSNA Services et de M. Olivier VUILLEMIN, chef du projet depuis ao\u00fbt 2015.<\/p>\n<p>Fort de cette exp\u00e9rience en Ha\u00efti et des ajustements qui seront apport\u00e9s sur la base des conclusions du s\u00e9minaire, DSNA Services a aujourd\u2019hui les cartes en main pour consolider son approche du domaine de la Surveillance. Ainsi DSNA Services sera en mesure de b\u00e2tir une offre la plus adapt\u00e9e et la plus efficace possible, align\u00e9e avec les objectifs de l\u2019OACI pour aider les \u00c9tats \u00e0 se conformer aux standards de cette Organisation.<\/p>\n","protected":false},"excerpt":{"rendered":"<p>Le projet de fondation d\u2019une autorit\u00e9 de surveillance en Ha\u00efti, initi\u00e9 en 2015, se poursuit en collaboration avec les experts de l\u2019autorit\u00e9 de surveillance fran\u00e7aise (DSAC). Ces trois derni\u00e8res ann\u00e9es, ce sont pr\u00e8s de 20 experts qui sont intervenus au sein de ce partenariat visant \u00e0 fonder, structurer et faire fonctionner une autorit\u00e9 de surveillance [&hellip;]<\/p>\n","protected":false},"author":1,"featured_media":2268,"comment_status":"closed","ping_status":"closed","sticky":false,"template":"","format":"standard","meta":{"cybocfi_hide_featured_image":"","footnotes":""},"categories":[25],"tags":[],"class_list":["post-2270","post","type-post","status-publish","format-standard","has-post-thumbnail","hentry","category-actualites"],"yoast_head":"<!-- This site is optimized with the Yoast SEO plugin v26.6 - https:\/\/yoast.com\/wordpress\/plugins\/seo\/ -->\n<title>S\u00e9minaire sur les activit\u00e9s de supervision de la s\u00e9curit\u00e9 en Ha\u00efti - France Aviation Civile Services<\/title>\n<meta name=\"robots\" content=\"index, follow, max-snippet:-1, max-image-preview:large, max-video-preview:-1\" \/>\n<link rel=\"canonical\" href=\"https:\/\/fracs.aero\/fr\/2019\/03\/27\/seminaire-haiti\/\" \/>\n<meta property=\"og:locale\" content=\"fr_FR\" \/>\n<meta property=\"og:type\" content=\"article\" \/>\n<meta property=\"og:title\" content=\"S\u00e9minaire sur les activit\u00e9s de supervision de la s\u00e9curit\u00e9 en Ha\u00efti - France Aviation Civile Services\" \/>\n<meta property=\"og:description\" content=\"Le projet de fondation d\u2019une autorit\u00e9 de surveillance en Ha\u00efti, initi\u00e9 en 2015, se poursuit en collaboration avec les experts de l\u2019autorit\u00e9 de surveillance fran\u00e7aise (DSAC). Ces trois derni\u00e8res ann\u00e9es, ce sont pr\u00e8s de 20 experts qui sont intervenus au sein de ce partenariat visant \u00e0 fonder, structurer et faire fonctionner une autorit\u00e9 de surveillance [&hellip;]\" \/>\n<meta property=\"og:url\" content=\"https:\/\/fracs.aero\/fr\/2019\/03\/27\/seminaire-haiti\/\" \/>\n<meta property=\"og:site_name\" content=\"France Aviation Civile Services\" \/>\n<meta property=\"article:published_time\" content=\"2019-03-27T06:48:08+00:00\" \/>\n<meta property=\"article:modified_time\" content=\"2024-10-22T21:07:16+00:00\" \/>\n<meta property=\"og:image\" content=\"https:\/\/fracs.aero\/wp-content\/uploads\/2019\/03\/entete_articles_web_haiti.jpg\" \/>\n\t<meta property=\"og:image:width\" content=\"705\" \/>\n\t<meta property=\"og:image:height\" content=\"300\" \/>\n\t<meta property=\"og:image:type\" content=\"image\/jpeg\" \/>\n<meta name=\"author\" content=\"admin_c4com\" \/>\n<meta name=\"twitter:card\" content=\"summary_large_image\" \/>\n<meta name=\"twitter:creator\" content=\"@fracsaero\" \/>\n<meta name=\"twitter:site\" content=\"@fracsaero\" \/>\n<meta name=\"twitter:label1\" content=\"\u00c9crit par\" \/>\n\t<meta name=\"twitter:data1\" content=\"admin_c4com\" \/>\n\t<meta name=\"twitter:label2\" content=\"Dur\u00e9e de lecture estim\u00e9e\" \/>\n\t<meta name=\"twitter:data2\" content=\"2 minutes\" \/>\n<script type=\"application\/ld+json\" class=\"yoast-schema-graph\">{\"@context\":\"https:\/\/schema.org\",\"@graph\":[{\"@type\":\"Article\",\"@id\":\"https:\/\/fracs.aero\/fr\/2019\/03\/27\/seminaire-haiti\/#article\",\"isPartOf\":{\"@id\":\"https:\/\/fracs.aero\/fr\/2019\/03\/27\/seminaire-haiti\/\"},\"author\":{\"name\":\"admin_c4com\",\"@id\":\"https:\/\/fracs.aero\/fr\/#\/schema\/person\/3222c26523ed0e5e952220f697e48267\"},\"headline\":\"S\u00e9minaire sur les activit\u00e9s de supervision de la s\u00e9curit\u00e9 en Ha\u00efti\",\"datePublished\":\"2019-03-27T06:48:08+00:00\",\"dateModified\":\"2024-10-22T21:07:16+00:00\",\"mainEntityOfPage\":{\"@id\":\"https:\/\/fracs.aero\/fr\/2019\/03\/27\/seminaire-haiti\/\"},\"wordCount\":328,\"publisher\":{\"@id\":\"https:\/\/fracs.aero\/fr\/#organization\"},\"image\":{\"@id\":\"https:\/\/fracs.aero\/fr\/2019\/03\/27\/seminaire-haiti\/#primaryimage\"},\"thumbnailUrl\":\"https:\/\/fracs.aero\/wp-content\/uploads\/2019\/03\/entete_articles_web_haiti.jpg\",\"articleSection\":[\"ACTUALIT\u00c9S\"],\"inLanguage\":\"fr-FR\"},{\"@type\":\"WebPage\",\"@id\":\"https:\/\/fracs.aero\/fr\/2019\/03\/27\/seminaire-haiti\/\",\"url\":\"https:\/\/fracs.aero\/fr\/2019\/03\/27\/seminaire-haiti\/\",\"name\":\"S\u00e9minaire sur les activit\u00e9s de supervision de la s\u00e9curit\u00e9 en Ha\u00efti - France Aviation Civile Services\",\"isPartOf\":{\"@id\":\"https:\/\/fracs.aero\/fr\/#website\"},\"primaryImageOfPage\":{\"@id\":\"https:\/\/fracs.aero\/fr\/2019\/03\/27\/seminaire-haiti\/#primaryimage\"},\"image\":{\"@id\":\"https:\/\/fracs.aero\/fr\/2019\/03\/27\/seminaire-haiti\/#primaryimage\"},\"thumbnailUrl\":\"https:\/\/fracs.aero\/wp-content\/uploads\/2019\/03\/entete_articles_web_haiti.jpg\",\"datePublished\":\"2019-03-27T06:48:08+00:00\",\"dateModified\":\"2024-10-22T21:07:16+00:00\",\"breadcrumb\":{\"@id\":\"https:\/\/fracs.aero\/fr\/2019\/03\/27\/seminaire-haiti\/#breadcrumb\"},\"inLanguage\":\"fr-FR\",\"potentialAction\":[{\"@type\":\"ReadAction\",\"target\":[\"https:\/\/fracs.aero\/fr\/2019\/03\/27\/seminaire-haiti\/\"]}]},{\"@type\":\"ImageObject\",\"inLanguage\":\"fr-FR\",\"@id\":\"https:\/\/fracs.aero\/fr\/2019\/03\/27\/seminaire-haiti\/#primaryimage\",\"url\":\"https:\/\/fracs.aero\/wp-content\/uploads\/2019\/03\/entete_articles_web_haiti.jpg\",\"contentUrl\":\"https:\/\/fracs.aero\/wp-content\/uploads\/2019\/03\/entete_articles_web_haiti.jpg\",\"width\":705,\"height\":300},{\"@type\":\"BreadcrumbList\",\"@id\":\"https:\/\/fracs.aero\/fr\/2019\/03\/27\/seminaire-haiti\/#breadcrumb\",\"itemListElement\":[{\"@type\":\"ListItem\",\"position\":1,\"name\":\"Home\",\"item\":\"https:\/\/fracs.aero\/fr\/\"},{\"@type\":\"ListItem\",\"position\":2,\"name\":\"S\u00e9minaire sur les activit\u00e9s de supervision de la s\u00e9curit\u00e9 en Ha\u00efti\"}]},{\"@type\":\"WebSite\",\"@id\":\"https:\/\/fracs.aero\/fr\/#website\",\"url\":\"https:\/\/fracs.aero\/fr\/\",\"name\":\"France Aviation Civile Services\",\"description\":\"France Aviation Civile Services\",\"publisher\":{\"@id\":\"https:\/\/fracs.aero\/fr\/#organization\"},\"potentialAction\":[{\"@type\":\"SearchAction\",\"target\":{\"@type\":\"EntryPoint\",\"urlTemplate\":\"https:\/\/fracs.aero\/fr\/?s={search_term_string}\"},\"query-input\":{\"@type\":\"PropertyValueSpecification\",\"valueRequired\":true,\"valueName\":\"search_term_string\"}}],\"inLanguage\":\"fr-FR\"},{\"@type\":\"Organization\",\"@id\":\"https:\/\/fracs.aero\/fr\/#organization\",\"name\":\"France Aviation Civile Services\",\"url\":\"https:\/\/fracs.aero\/fr\/\",\"logo\":{\"@type\":\"ImageObject\",\"inLanguage\":\"fr-FR\",\"@id\":\"https:\/\/fracs.aero\/fr\/#\/schema\/logo\/image\/\",\"url\":\"https:\/\/fracs.aero\/wp-content\/uploads\/2019\/08\/FRACS-for-web-1.png\",\"contentUrl\":\"https:\/\/fracs.aero\/wp-content\/uploads\/2019\/08\/FRACS-for-web-1.png\",\"width\":340,\"height\":156,\"caption\":\"France Aviation Civile Services\"},\"image\":{\"@id\":\"https:\/\/fracs.aero\/fr\/#\/schema\/logo\/image\/\"},\"sameAs\":[\"https:\/\/x.com\/fracsaero\",\"https:\/\/www.linkedin.com\/company\/fracs\/\"]},{\"@type\":\"Person\",\"@id\":\"https:\/\/fracs.aero\/fr\/#\/schema\/person\/3222c26523ed0e5e952220f697e48267\",\"name\":\"admin_c4com\",\"image\":{\"@type\":\"ImageObject\",\"inLanguage\":\"fr-FR\",\"@id\":\"https:\/\/fracs.aero\/fr\/#\/schema\/person\/image\/\",\"url\":\"https:\/\/secure.gravatar.com\/avatar\/57dfc6b92119c0d9c4ea846b9365edd591c6c8ab72c7637242b68295f8b6eb36?s=96&d=mm&r=g\",\"contentUrl\":\"https:\/\/secure.gravatar.com\/avatar\/57dfc6b92119c0d9c4ea846b9365edd591c6c8ab72c7637242b68295f8b6eb36?s=96&d=mm&r=g\",\"caption\":\"admin_c4com\"},\"url\":\"https:\/\/fracs.aero\/fr\/author\/admin_c4com\/\"}]}<\/script>\n<!-- \/ Yoast SEO plugin. -->","yoast_head_json":{"title":"S\u00e9minaire sur les activit\u00e9s de supervision de la s\u00e9curit\u00e9 en Ha\u00efti - France Aviation Civile Services","robots":{"index":"index","follow":"follow","max-snippet":"max-snippet:-1","max-image-preview":"max-image-preview:large","max-video-preview":"max-video-preview:-1"},"canonical":"https:\/\/fracs.aero\/fr\/2019\/03\/27\/seminaire-haiti\/","og_locale":"fr_FR","og_type":"article","og_title":"S\u00e9minaire sur les activit\u00e9s de supervision de la s\u00e9curit\u00e9 en Ha\u00efti - France Aviation Civile Services","og_description":"Le projet de fondation d\u2019une autorit\u00e9 de surveillance en Ha\u00efti, initi\u00e9 en 2015, se poursuit en collaboration avec les experts de l\u2019autorit\u00e9 de surveillance fran\u00e7aise (DSAC). Ces trois derni\u00e8res ann\u00e9es, ce sont pr\u00e8s de 20 experts qui sont intervenus au sein de ce partenariat visant \u00e0 fonder, structurer et faire fonctionner une autorit\u00e9 de surveillance [&hellip;]","og_url":"https:\/\/fracs.aero\/fr\/2019\/03\/27\/seminaire-haiti\/","og_site_name":"France Aviation Civile Services","article_published_time":"2019-03-27T06:48:08+00:00","article_modified_time":"2024-10-22T21:07:16+00:00","og_image":[{"width":705,"height":300,"url":"https:\/\/fracs.aero\/wp-content\/uploads\/2019\/03\/entete_articles_web_haiti.jpg","type":"image\/jpeg"}],"author":"admin_c4com","twitter_card":"summary_large_image","twitter_creator":"@fracsaero","twitter_site":"@fracsaero","twitter_misc":{"\u00c9crit par":"admin_c4com","Dur\u00e9e de lecture estim\u00e9e":"2 minutes"},"schema":{"@context":"https:\/\/schema.org","@graph":[{"@type":"Article","@id":"https:\/\/fracs.aero\/fr\/2019\/03\/27\/seminaire-haiti\/#article","isPartOf":{"@id":"https:\/\/fracs.aero\/fr\/2019\/03\/27\/seminaire-haiti\/"},"author":{"name":"admin_c4com","@id":"https:\/\/fracs.aero\/fr\/#\/schema\/person\/3222c26523ed0e5e952220f697e48267"},"headline":"S\u00e9minaire sur les activit\u00e9s de supervision de la s\u00e9curit\u00e9 en Ha\u00efti","datePublished":"2019-03-27T06:48:08+00:00","dateModified":"2024-10-22T21:07:16+00:00","mainEntityOfPage":{"@id":"https:\/\/fracs.aero\/fr\/2019\/03\/27\/seminaire-haiti\/"},"wordCount":328,"publisher":{"@id":"https:\/\/fracs.aero\/fr\/#organization"},"image":{"@id":"https:\/\/fracs.aero\/fr\/2019\/03\/27\/seminaire-haiti\/#primaryimage"},"thumbnailUrl":"https:\/\/fracs.aero\/wp-content\/uploads\/2019\/03\/entete_articles_web_haiti.jpg","articleSection":["ACTUALIT\u00c9S"],"inLanguage":"fr-FR"},{"@type":"WebPage","@id":"https:\/\/fracs.aero\/fr\/2019\/03\/27\/seminaire-haiti\/","url":"https:\/\/fracs.aero\/fr\/2019\/03\/27\/seminaire-haiti\/","name":"S\u00e9minaire sur les activit\u00e9s de supervision de la s\u00e9curit\u00e9 en Ha\u00efti - France Aviation Civile Services","isPartOf":{"@id":"https:\/\/fracs.aero\/fr\/#website"},"primaryImageOfPage":{"@id":"https:\/\/fracs.aero\/fr\/2019\/03\/27\/seminaire-haiti\/#primaryimage"},"image":{"@id":"https:\/\/fracs.aero\/fr\/2019\/03\/27\/seminaire-haiti\/#primaryimage"},"thumbnailUrl":"https:\/\/fracs.aero\/wp-content\/uploads\/2019\/03\/entete_articles_web_haiti.jpg","datePublished":"2019-03-27T06:48:08+00:00","dateModified":"2024-10-22T21:07:16+00:00","breadcrumb":{"@id":"https:\/\/fracs.aero\/fr\/2019\/03\/27\/seminaire-haiti\/#breadcrumb"},"inLanguage":"fr-FR","potentialAction":[{"@type":"ReadAction","target":["https:\/\/fracs.aero\/fr\/2019\/03\/27\/seminaire-haiti\/"]}]},{"@type":"ImageObject","inLanguage":"fr-FR","@id":"https:\/\/fracs.aero\/fr\/2019\/03\/27\/seminaire-haiti\/#primaryimage","url":"https:\/\/fracs.aero\/wp-content\/uploads\/2019\/03\/entete_articles_web_haiti.jpg","contentUrl":"https:\/\/fracs.aero\/wp-content\/uploads\/2019\/03\/entete_articles_web_haiti.jpg","width":705,"height":300},{"@type":"BreadcrumbList","@id":"https:\/\/fracs.aero\/fr\/2019\/03\/27\/seminaire-haiti\/#breadcrumb","itemListElement":[{"@type":"ListItem","position":1,"name":"Home","item":"https:\/\/fracs.aero\/fr\/"},{"@type":"ListItem","position":2,"name":"S\u00e9minaire sur les activit\u00e9s de supervision de la s\u00e9curit\u00e9 en Ha\u00efti"}]},{"@type":"WebSite","@id":"https:\/\/fracs.aero\/fr\/#website","url":"https:\/\/fracs.aero\/fr\/","name":"France Aviation Civile Services","description":"France Aviation Civile Services","publisher":{"@id":"https:\/\/fracs.aero\/fr\/#organization"},"potentialAction":[{"@type":"SearchAction","target":{"@type":"EntryPoint","urlTemplate":"https:\/\/fracs.aero\/fr\/?s={search_term_string}"},"query-input":{"@type":"PropertyValueSpecification","valueRequired":true,"valueName":"search_term_string"}}],"inLanguage":"fr-FR"},{"@type":"Organization","@id":"https:\/\/fracs.aero\/fr\/#organization","name":"France Aviation Civile Services","url":"https:\/\/fracs.aero\/fr\/","logo":{"@type":"ImageObject","inLanguage":"fr-FR","@id":"https:\/\/fracs.aero\/fr\/#\/schema\/logo\/image\/","url":"https:\/\/fracs.aero\/wp-content\/uploads\/2019\/08\/FRACS-for-web-1.png","contentUrl":"https:\/\/fracs.aero\/wp-content\/uploads\/2019\/08\/FRACS-for-web-1.png","width":340,"height":156,"caption":"France Aviation Civile Services"},"image":{"@id":"https:\/\/fracs.aero\/fr\/#\/schema\/logo\/image\/"},"sameAs":["https:\/\/x.com\/fracsaero","https:\/\/www.linkedin.com\/company\/fracs\/"]},{"@type":"Person","@id":"https:\/\/fracs.aero\/fr\/#\/schema\/person\/3222c26523ed0e5e952220f697e48267","name":"admin_c4com","image":{"@type":"ImageObject","inLanguage":"fr-FR","@id":"https:\/\/fracs.aero\/fr\/#\/schema\/person\/image\/","url":"https:\/\/secure.gravatar.com\/avatar\/57dfc6b92119c0d9c4ea846b9365edd591c6c8ab72c7637242b68295f8b6eb36?s=96&d=mm&r=g","contentUrl":"https:\/\/secure.gravatar.com\/avatar\/57dfc6b92119c0d9c4ea846b9365edd591c6c8ab72c7637242b68295f8b6eb36?s=96&d=mm&r=g","caption":"admin_c4com"},"url":"https:\/\/fracs.aero\/fr\/author\/admin_c4com\/"}]}},"_links":{"self":[{"href":"https:\/\/fracs.aero\/fr\/wp-json\/wp\/v2\/posts\/2270","targetHints":{"allow":["GET"]}}],"collection":[{"href":"https:\/\/fracs.aero\/fr\/wp-json\/wp\/v2\/posts"}],"about":[{"href":"https:\/\/fracs.aero\/fr\/wp-json\/wp\/v2\/types\/post"}],"author":[{"embeddable":true,"href":"https:\/\/fracs.aero\/fr\/wp-json\/wp\/v2\/users\/1"}],"replies":[{"embeddable":true,"href":"https:\/\/fracs.aero\/fr\/wp-json\/wp\/v2\/comments?post=2270"}],"version-history":[{"count":1,"href":"https:\/\/fracs.aero\/fr\/wp-json\/wp\/v2\/posts\/2270\/revisions"}],"predecessor-version":[{"id":6991,"href":"https:\/\/fracs.aero\/fr\/wp-json\/wp\/v2\/posts\/2270\/revisions\/6991"}],"wp:featuredmedia":[{"embeddable":true,"href":"https:\/\/fracs.aero\/fr\/wp-json\/wp\/v2\/media\/2268"}],"wp:attachment":[{"href":"https:\/\/fracs.aero\/fr\/wp-json\/wp\/v2\/media?parent=2270"}],"wp:term":[{"taxonomy":"category","embeddable":true,"href":"https:\/\/fracs.aero\/fr\/wp-json\/wp\/v2\/categories?post=2270"},{"taxonomy":"post_tag","embeddable":true,"href":"https:\/\/fracs.aero\/fr\/wp-json\/wp\/v2\/tags?post=2270"}],"curies":[{"name":"wp","href":"https:\/\/api.w.org\/{rel}","templated":true}]}}