{"id":3716,"date":"2020-06-19T15:10:47","date_gmt":"2020-06-19T13:10:47","guid":{"rendered":"https:\/\/fracs.aero\/?p=3716"},"modified":"2020-10-13T15:38:05","modified_gmt":"2020-10-13T13:38:05","slug":"une-cooperation-avec-taiwan-malgre-le-confinement","status":"publish","type":"post","link":"https:\/\/fracs.aero\/fr\/2020\/06\/19\/une-cooperation-avec-taiwan-malgre-le-confinement\/","title":{"rendered":"Une coop\u00e9ration avec Ta\u00efwan malgr\u00e9 le confinement"},"content":{"rendered":"\n<p>En mars dernier,&nbsp; quelques jours\navant la mise en \u0153uvre des mesures de confinement en France et dans d\u2019autres\nr\u00e9gions du monde, France Aviation Civile Services a sign\u00e9 un contrat avec le\n\u00ab&nbsp;National Chung Shan Institute of Science and Technology&nbsp;\u00bb de\nTa\u00efwan. <\/p>\n\n\n\n<p>Ce contrat s\u2019inscrit dans le cadre du projet d\u2019acquisition, par le\nfournisseur des services de navigation a\u00e9rienne ta\u00efwanais, de radars de surface\net d\u2019antennes ADS-B. L\u2019objectif est donc d\u2019accompagner cet Institut dans\nl\u2019\u00e9laboration d\u2019\u00e9tudes de march\u00e9, dans la r\u00e9daction des sp\u00e9cifications techniques\net dans la pr\u00e9paration du plan de d\u00e9ploiement pour ces deux types\nd\u2019\u00e9quipements. <\/p>\n\n\n\n<div class=\"wp-block-image\"><figure class=\"alignright is-resized\"><img loading=\"lazy\" decoding=\"async\" src=\"https:\/\/fracs.aero\/wp-content\/uploads\/2020\/06\/taiwan.jpg\" alt=\"\" class=\"wp-image-3717\" width=\"285\" height=\"440\" srcset=\"https:\/\/fracs.aero\/wp-content\/uploads\/2020\/06\/taiwan.jpg 380w, https:\/\/fracs.aero\/wp-content\/uploads\/2020\/06\/taiwan-195x300.jpg 195w\" sizes=\"auto, (max-width: 285px) 100vw, 285px\" \/><\/figure><\/div>\n\n\n\n<p>Ces documents permettront ainsi au fournisseur des services de\nnavigation a\u00e9rienne, gr\u00e2ce \u00e0 l\u2019exp\u00e9rience des deux experts auxquels France\nAviation Civile Services a fait appel, de pr\u00e9parer au mieux le dossier de\nl\u2019appel d\u2019offre qui sera publi\u00e9 pour l\u2019acquisition des radars de surface et des\nantennes ADS-B.<\/p>\n\n\n\n<p>Une mission sur place aurait d\u00fb \u00eatre organis\u00e9e en avril dernier pour\ntenir des r\u00e9unions de travail avec l\u2019Institut et pour effectuer des visites sur\ncertains des sites. En raison de la crise sanitaire et de l\u2019interdiction de\nvoyager, France Aviation Civile services a su s\u2019adapter et maintenir une\nrelation \u00e9troite \u00e0 distance avec le client gr\u00e2ce \u00e0 ses moyens de travail\ndistant et en multipliant les \u00e9changes pour recueillir toutes les informations\nn\u00e9cessaires \u00e0 la pr\u00e9paration des diff\u00e9rents livrables.<\/p>\n\n\n\n<p>M\u00eame \u00e0 distance des relations de confiance ont pu s\u2019\u00e9tablir entre le\nclient et France Aviation Civile Services qui aura respect\u00e9 pleinement le\ncontrat sign\u00e9 par les deux parties.<\/p>\n\n\n\n<p>Cette exp\u00e9rience aura permis \u00e0 France Aviation Civile Services de\ntester et d\u2019am\u00e9liorer les outils de travail collaboratif mis en place bien\navant la crise du COVID 19 et d\u2019\u00eatre en mesure de proposer sur des projets\nfuturs des prestations \u00e0 distance. <\/p>\n","protected":false},"excerpt":{"rendered":"<p>En mars dernier,&nbsp; quelques jours avant la mise en \u0153uvre des mesures de confinement en France et dans d\u2019autres r\u00e9gions du monde, France Aviation Civile Services a sign\u00e9 un contrat avec le \u00ab&nbsp;National Chung Shan Institute of Science and Technology&nbsp;\u00bb de Ta\u00efwan. Ce contrat s\u2019inscrit dans le cadre du projet d\u2019acquisition, par le fournisseur des [&hellip;]<\/p>\n","protected":false},"author":1,"featured_media":3783,"comment_status":"closed","ping_status":"open","sticky":false,"template":"","format":"standard","meta":{"cybocfi_hide_featured_image":"","footnotes":""},"categories":[25],"tags":[],"class_list":["post-3716","post","type-post","status-publish","format-standard","has-post-thumbnail","hentry","category-actualites"],"yoast_head":"<!-- This site is optimized with the Yoast SEO plugin v27.4 - https:\/\/yoast.com\/product\/yoast-seo-wordpress\/ -->\n<title>Une coop\u00e9ration avec Ta\u00efwan malgr\u00e9 le confinement - France Aviation Civile Services<\/title>\n<meta name=\"robots\" content=\"index, follow, max-snippet:-1, max-image-preview:large, max-video-preview:-1\" \/>\n<link rel=\"canonical\" href=\"https:\/\/fracs.aero\/fr\/2020\/06\/19\/une-cooperation-avec-taiwan-malgre-le-confinement\/\" \/>\n<meta property=\"og:locale\" content=\"fr_FR\" \/>\n<meta property=\"og:type\" content=\"article\" \/>\n<meta property=\"og:title\" content=\"Une coop\u00e9ration avec Ta\u00efwan malgr\u00e9 le confinement - France Aviation Civile Services\" \/>\n<meta property=\"og:description\" content=\"En mars dernier,&nbsp; quelques jours avant la mise en \u0153uvre des mesures de confinement en France et dans d\u2019autres r\u00e9gions du monde, France Aviation Civile Services a sign\u00e9 un contrat avec le \u00ab&nbsp;National Chung Shan Institute of Science and Technology&nbsp;\u00bb de Ta\u00efwan. Ce contrat s\u2019inscrit dans le cadre du projet d\u2019acquisition, par le fournisseur des [&hellip;]\" \/>\n<meta property=\"og:url\" content=\"https:\/\/fracs.aero\/fr\/2020\/06\/19\/une-cooperation-avec-taiwan-malgre-le-confinement\/\" \/>\n<meta property=\"og:site_name\" content=\"France Aviation Civile Services\" \/>\n<meta property=\"article:published_time\" content=\"2020-06-19T13:10:47+00:00\" \/>\n<meta property=\"article:modified_time\" content=\"2020-10-13T13:38:05+00:00\" \/>\n<meta property=\"og:image\" content=\"https:\/\/fracs.aero\/wp-content\/uploads\/2020\/06\/taiwan-webbanner-1.png\" \/>\n\t<meta property=\"og:image:width\" content=\"705\" \/>\n\t<meta property=\"og:image:height\" content=\"300\" \/>\n\t<meta property=\"og:image:type\" content=\"image\/png\" \/>\n<meta name=\"author\" content=\"admin_c4com\" \/>\n<meta name=\"twitter:card\" content=\"summary_large_image\" \/>\n<meta name=\"twitter:creator\" content=\"@fracsaero\" \/>\n<meta name=\"twitter:site\" content=\"@fracsaero\" \/>\n<meta name=\"twitter:label1\" content=\"\u00c9crit par\" \/>\n\t<meta name=\"twitter:data1\" content=\"admin_c4com\" \/>\n\t<meta name=\"twitter:label2\" content=\"Dur\u00e9e de lecture estim\u00e9e\" \/>\n\t<meta name=\"twitter:data2\" content=\"2 minutes\" \/>\n<script type=\"application\/ld+json\" class=\"yoast-schema-graph\">{\"@context\":\"https:\\\/\\\/schema.org\",\"@graph\":[{\"@type\":\"Article\",\"@id\":\"https:\\\/\\\/fracs.aero\\\/fr\\\/2020\\\/06\\\/19\\\/une-cooperation-avec-taiwan-malgre-le-confinement\\\/#article\",\"isPartOf\":{\"@id\":\"https:\\\/\\\/fracs.aero\\\/fr\\\/2020\\\/06\\\/19\\\/une-cooperation-avec-taiwan-malgre-le-confinement\\\/\"},\"author\":{\"name\":\"admin_c4com\",\"@id\":\"https:\\\/\\\/fracs.aero\\\/fr\\\/#\\\/schema\\\/person\\\/3222c26523ed0e5e952220f697e48267\"},\"headline\":\"Une coop\u00e9ration avec Ta\u00efwan malgr\u00e9 le confinement\",\"datePublished\":\"2020-06-19T13:10:47+00:00\",\"dateModified\":\"2020-10-13T13:38:05+00:00\",\"mainEntityOfPage\":{\"@id\":\"https:\\\/\\\/fracs.aero\\\/fr\\\/2020\\\/06\\\/19\\\/une-cooperation-avec-taiwan-malgre-le-confinement\\\/\"},\"wordCount\":339,\"publisher\":{\"@id\":\"https:\\\/\\\/fracs.aero\\\/fr\\\/#organization\"},\"image\":{\"@id\":\"https:\\\/\\\/fracs.aero\\\/fr\\\/2020\\\/06\\\/19\\\/une-cooperation-avec-taiwan-malgre-le-confinement\\\/#primaryimage\"},\"thumbnailUrl\":\"https:\\\/\\\/fracs.aero\\\/wp-content\\\/uploads\\\/2020\\\/06\\\/taiwan-webbanner-1.png\",\"articleSection\":[\"ACTUALIT\u00c9S\"],\"inLanguage\":\"fr-FR\"},{\"@type\":\"WebPage\",\"@id\":\"https:\\\/\\\/fracs.aero\\\/fr\\\/2020\\\/06\\\/19\\\/une-cooperation-avec-taiwan-malgre-le-confinement\\\/\",\"url\":\"https:\\\/\\\/fracs.aero\\\/fr\\\/2020\\\/06\\\/19\\\/une-cooperation-avec-taiwan-malgre-le-confinement\\\/\",\"name\":\"Une coop\u00e9ration avec Ta\u00efwan malgr\u00e9 le confinement - France Aviation Civile Services\",\"isPartOf\":{\"@id\":\"https:\\\/\\\/fracs.aero\\\/fr\\\/#website\"},\"primaryImageOfPage\":{\"@id\":\"https:\\\/\\\/fracs.aero\\\/fr\\\/2020\\\/06\\\/19\\\/une-cooperation-avec-taiwan-malgre-le-confinement\\\/#primaryimage\"},\"image\":{\"@id\":\"https:\\\/\\\/fracs.aero\\\/fr\\\/2020\\\/06\\\/19\\\/une-cooperation-avec-taiwan-malgre-le-confinement\\\/#primaryimage\"},\"thumbnailUrl\":\"https:\\\/\\\/fracs.aero\\\/wp-content\\\/uploads\\\/2020\\\/06\\\/taiwan-webbanner-1.png\",\"datePublished\":\"2020-06-19T13:10:47+00:00\",\"dateModified\":\"2020-10-13T13:38:05+00:00\",\"breadcrumb\":{\"@id\":\"https:\\\/\\\/fracs.aero\\\/fr\\\/2020\\\/06\\\/19\\\/une-cooperation-avec-taiwan-malgre-le-confinement\\\/#breadcrumb\"},\"inLanguage\":\"fr-FR\",\"potentialAction\":[{\"@type\":\"ReadAction\",\"target\":[\"https:\\\/\\\/fracs.aero\\\/fr\\\/2020\\\/06\\\/19\\\/une-cooperation-avec-taiwan-malgre-le-confinement\\\/\"]}]},{\"@type\":\"ImageObject\",\"inLanguage\":\"fr-FR\",\"@id\":\"https:\\\/\\\/fracs.aero\\\/fr\\\/2020\\\/06\\\/19\\\/une-cooperation-avec-taiwan-malgre-le-confinement\\\/#primaryimage\",\"url\":\"https:\\\/\\\/fracs.aero\\\/wp-content\\\/uploads\\\/2020\\\/06\\\/taiwan-webbanner-1.png\",\"contentUrl\":\"https:\\\/\\\/fracs.aero\\\/wp-content\\\/uploads\\\/2020\\\/06\\\/taiwan-webbanner-1.png\",\"width\":705,\"height\":300},{\"@type\":\"BreadcrumbList\",\"@id\":\"https:\\\/\\\/fracs.aero\\\/fr\\\/2020\\\/06\\\/19\\\/une-cooperation-avec-taiwan-malgre-le-confinement\\\/#breadcrumb\",\"itemListElement\":[{\"@type\":\"ListItem\",\"position\":1,\"name\":\"Home\",\"item\":\"https:\\\/\\\/fracs.aero\\\/fr\\\/\"},{\"@type\":\"ListItem\",\"position\":2,\"name\":\"Une coop\u00e9ration avec Ta\u00efwan malgr\u00e9 le confinement\"}]},{\"@type\":\"WebSite\",\"@id\":\"https:\\\/\\\/fracs.aero\\\/fr\\\/#website\",\"url\":\"https:\\\/\\\/fracs.aero\\\/fr\\\/\",\"name\":\"France Aviation Civile Services\",\"description\":\"France Aviation Civile Services\",\"publisher\":{\"@id\":\"https:\\\/\\\/fracs.aero\\\/fr\\\/#organization\"},\"potentialAction\":[{\"@type\":\"SearchAction\",\"target\":{\"@type\":\"EntryPoint\",\"urlTemplate\":\"https:\\\/\\\/fracs.aero\\\/fr\\\/?s={search_term_string}\"},\"query-input\":{\"@type\":\"PropertyValueSpecification\",\"valueRequired\":true,\"valueName\":\"search_term_string\"}}],\"inLanguage\":\"fr-FR\"},{\"@type\":\"Organization\",\"@id\":\"https:\\\/\\\/fracs.aero\\\/fr\\\/#organization\",\"name\":\"France Aviation Civile Services\",\"url\":\"https:\\\/\\\/fracs.aero\\\/fr\\\/\",\"logo\":{\"@type\":\"ImageObject\",\"inLanguage\":\"fr-FR\",\"@id\":\"https:\\\/\\\/fracs.aero\\\/fr\\\/#\\\/schema\\\/logo\\\/image\\\/\",\"url\":\"https:\\\/\\\/fracs.aero\\\/wp-content\\\/uploads\\\/2019\\\/08\\\/FRACS-for-web-1.png\",\"contentUrl\":\"https:\\\/\\\/fracs.aero\\\/wp-content\\\/uploads\\\/2019\\\/08\\\/FRACS-for-web-1.png\",\"width\":340,\"height\":156,\"caption\":\"France Aviation Civile Services\"},\"image\":{\"@id\":\"https:\\\/\\\/fracs.aero\\\/fr\\\/#\\\/schema\\\/logo\\\/image\\\/\"},\"sameAs\":[\"https:\\\/\\\/x.com\\\/fracsaero\",\"https:\\\/\\\/www.linkedin.com\\\/company\\\/fracs\\\/\"]},{\"@type\":\"Person\",\"@id\":\"https:\\\/\\\/fracs.aero\\\/fr\\\/#\\\/schema\\\/person\\\/3222c26523ed0e5e952220f697e48267\",\"name\":\"admin_c4com\",\"image\":{\"@type\":\"ImageObject\",\"inLanguage\":\"fr-FR\",\"@id\":\"https:\\\/\\\/secure.gravatar.com\\\/avatar\\\/57dfc6b92119c0d9c4ea846b9365edd591c6c8ab72c7637242b68295f8b6eb36?s=96&d=mm&r=g\",\"url\":\"https:\\\/\\\/secure.gravatar.com\\\/avatar\\\/57dfc6b92119c0d9c4ea846b9365edd591c6c8ab72c7637242b68295f8b6eb36?s=96&d=mm&r=g\",\"contentUrl\":\"https:\\\/\\\/secure.gravatar.com\\\/avatar\\\/57dfc6b92119c0d9c4ea846b9365edd591c6c8ab72c7637242b68295f8b6eb36?s=96&d=mm&r=g\",\"caption\":\"admin_c4com\"},\"url\":\"https:\\\/\\\/fracs.aero\\\/fr\\\/author\\\/admin_c4com\\\/\"}]}<\/script>\n<!-- \/ Yoast SEO plugin. -->","yoast_head_json":{"title":"Une coop\u00e9ration avec Ta\u00efwan malgr\u00e9 le confinement - France Aviation Civile Services","robots":{"index":"index","follow":"follow","max-snippet":"max-snippet:-1","max-image-preview":"max-image-preview:large","max-video-preview":"max-video-preview:-1"},"canonical":"https:\/\/fracs.aero\/fr\/2020\/06\/19\/une-cooperation-avec-taiwan-malgre-le-confinement\/","og_locale":"fr_FR","og_type":"article","og_title":"Une coop\u00e9ration avec Ta\u00efwan malgr\u00e9 le confinement - France Aviation Civile Services","og_description":"En mars dernier,&nbsp; quelques jours avant la mise en \u0153uvre des mesures de confinement en France et dans d\u2019autres r\u00e9gions du monde, France Aviation Civile Services a sign\u00e9 un contrat avec le \u00ab&nbsp;National Chung Shan Institute of Science and Technology&nbsp;\u00bb de Ta\u00efwan. Ce contrat s\u2019inscrit dans le cadre du projet d\u2019acquisition, par le fournisseur des [&hellip;]","og_url":"https:\/\/fracs.aero\/fr\/2020\/06\/19\/une-cooperation-avec-taiwan-malgre-le-confinement\/","og_site_name":"France Aviation Civile Services","article_published_time":"2020-06-19T13:10:47+00:00","article_modified_time":"2020-10-13T13:38:05+00:00","og_image":[{"width":705,"height":300,"url":"https:\/\/fracs.aero\/wp-content\/uploads\/2020\/06\/taiwan-webbanner-1.png","type":"image\/png"}],"author":"admin_c4com","twitter_card":"summary_large_image","twitter_creator":"@fracsaero","twitter_site":"@fracsaero","twitter_misc":{"\u00c9crit par":"admin_c4com","Dur\u00e9e de lecture estim\u00e9e":"2 minutes"},"schema":{"@context":"https:\/\/schema.org","@graph":[{"@type":"Article","@id":"https:\/\/fracs.aero\/fr\/2020\/06\/19\/une-cooperation-avec-taiwan-malgre-le-confinement\/#article","isPartOf":{"@id":"https:\/\/fracs.aero\/fr\/2020\/06\/19\/une-cooperation-avec-taiwan-malgre-le-confinement\/"},"author":{"name":"admin_c4com","@id":"https:\/\/fracs.aero\/fr\/#\/schema\/person\/3222c26523ed0e5e952220f697e48267"},"headline":"Une coop\u00e9ration avec Ta\u00efwan malgr\u00e9 le confinement","datePublished":"2020-06-19T13:10:47+00:00","dateModified":"2020-10-13T13:38:05+00:00","mainEntityOfPage":{"@id":"https:\/\/fracs.aero\/fr\/2020\/06\/19\/une-cooperation-avec-taiwan-malgre-le-confinement\/"},"wordCount":339,"publisher":{"@id":"https:\/\/fracs.aero\/fr\/#organization"},"image":{"@id":"https:\/\/fracs.aero\/fr\/2020\/06\/19\/une-cooperation-avec-taiwan-malgre-le-confinement\/#primaryimage"},"thumbnailUrl":"https:\/\/fracs.aero\/wp-content\/uploads\/2020\/06\/taiwan-webbanner-1.png","articleSection":["ACTUALIT\u00c9S"],"inLanguage":"fr-FR"},{"@type":"WebPage","@id":"https:\/\/fracs.aero\/fr\/2020\/06\/19\/une-cooperation-avec-taiwan-malgre-le-confinement\/","url":"https:\/\/fracs.aero\/fr\/2020\/06\/19\/une-cooperation-avec-taiwan-malgre-le-confinement\/","name":"Une coop\u00e9ration avec Ta\u00efwan malgr\u00e9 le confinement - France Aviation Civile Services","isPartOf":{"@id":"https:\/\/fracs.aero\/fr\/#website"},"primaryImageOfPage":{"@id":"https:\/\/fracs.aero\/fr\/2020\/06\/19\/une-cooperation-avec-taiwan-malgre-le-confinement\/#primaryimage"},"image":{"@id":"https:\/\/fracs.aero\/fr\/2020\/06\/19\/une-cooperation-avec-taiwan-malgre-le-confinement\/#primaryimage"},"thumbnailUrl":"https:\/\/fracs.aero\/wp-content\/uploads\/2020\/06\/taiwan-webbanner-1.png","datePublished":"2020-06-19T13:10:47+00:00","dateModified":"2020-10-13T13:38:05+00:00","breadcrumb":{"@id":"https:\/\/fracs.aero\/fr\/2020\/06\/19\/une-cooperation-avec-taiwan-malgre-le-confinement\/#breadcrumb"},"inLanguage":"fr-FR","potentialAction":[{"@type":"ReadAction","target":["https:\/\/fracs.aero\/fr\/2020\/06\/19\/une-cooperation-avec-taiwan-malgre-le-confinement\/"]}]},{"@type":"ImageObject","inLanguage":"fr-FR","@id":"https:\/\/fracs.aero\/fr\/2020\/06\/19\/une-cooperation-avec-taiwan-malgre-le-confinement\/#primaryimage","url":"https:\/\/fracs.aero\/wp-content\/uploads\/2020\/06\/taiwan-webbanner-1.png","contentUrl":"https:\/\/fracs.aero\/wp-content\/uploads\/2020\/06\/taiwan-webbanner-1.png","width":705,"height":300},{"@type":"BreadcrumbList","@id":"https:\/\/fracs.aero\/fr\/2020\/06\/19\/une-cooperation-avec-taiwan-malgre-le-confinement\/#breadcrumb","itemListElement":[{"@type":"ListItem","position":1,"name":"Home","item":"https:\/\/fracs.aero\/fr\/"},{"@type":"ListItem","position":2,"name":"Une coop\u00e9ration avec Ta\u00efwan malgr\u00e9 le confinement"}]},{"@type":"WebSite","@id":"https:\/\/fracs.aero\/fr\/#website","url":"https:\/\/fracs.aero\/fr\/","name":"France Aviation Civile Services","description":"France Aviation Civile Services","publisher":{"@id":"https:\/\/fracs.aero\/fr\/#organization"},"potentialAction":[{"@type":"SearchAction","target":{"@type":"EntryPoint","urlTemplate":"https:\/\/fracs.aero\/fr\/?s={search_term_string}"},"query-input":{"@type":"PropertyValueSpecification","valueRequired":true,"valueName":"search_term_string"}}],"inLanguage":"fr-FR"},{"@type":"Organization","@id":"https:\/\/fracs.aero\/fr\/#organization","name":"France Aviation Civile Services","url":"https:\/\/fracs.aero\/fr\/","logo":{"@type":"ImageObject","inLanguage":"fr-FR","@id":"https:\/\/fracs.aero\/fr\/#\/schema\/logo\/image\/","url":"https:\/\/fracs.aero\/wp-content\/uploads\/2019\/08\/FRACS-for-web-1.png","contentUrl":"https:\/\/fracs.aero\/wp-content\/uploads\/2019\/08\/FRACS-for-web-1.png","width":340,"height":156,"caption":"France Aviation Civile Services"},"image":{"@id":"https:\/\/fracs.aero\/fr\/#\/schema\/logo\/image\/"},"sameAs":["https:\/\/x.com\/fracsaero","https:\/\/www.linkedin.com\/company\/fracs\/"]},{"@type":"Person","@id":"https:\/\/fracs.aero\/fr\/#\/schema\/person\/3222c26523ed0e5e952220f697e48267","name":"admin_c4com","image":{"@type":"ImageObject","inLanguage":"fr-FR","@id":"https:\/\/secure.gravatar.com\/avatar\/57dfc6b92119c0d9c4ea846b9365edd591c6c8ab72c7637242b68295f8b6eb36?s=96&d=mm&r=g","url":"https:\/\/secure.gravatar.com\/avatar\/57dfc6b92119c0d9c4ea846b9365edd591c6c8ab72c7637242b68295f8b6eb36?s=96&d=mm&r=g","contentUrl":"https:\/\/secure.gravatar.com\/avatar\/57dfc6b92119c0d9c4ea846b9365edd591c6c8ab72c7637242b68295f8b6eb36?s=96&d=mm&r=g","caption":"admin_c4com"},"url":"https:\/\/fracs.aero\/fr\/author\/admin_c4com\/"}]}},"_links":{"self":[{"href":"https:\/\/fracs.aero\/fr\/wp-json\/wp\/v2\/posts\/3716","targetHints":{"allow":["GET"]}}],"collection":[{"href":"https:\/\/fracs.aero\/fr\/wp-json\/wp\/v2\/posts"}],"about":[{"href":"https:\/\/fracs.aero\/fr\/wp-json\/wp\/v2\/types\/post"}],"author":[{"embeddable":true,"href":"https:\/\/fracs.aero\/fr\/wp-json\/wp\/v2\/users\/1"}],"replies":[{"embeddable":true,"href":"https:\/\/fracs.aero\/fr\/wp-json\/wp\/v2\/comments?post=3716"}],"version-history":[{"count":0,"href":"https:\/\/fracs.aero\/fr\/wp-json\/wp\/v2\/posts\/3716\/revisions"}],"wp:featuredmedia":[{"embeddable":true,"href":"https:\/\/fracs.aero\/fr\/wp-json\/wp\/v2\/media\/3783"}],"wp:attachment":[{"href":"https:\/\/fracs.aero\/fr\/wp-json\/wp\/v2\/media?parent=3716"}],"wp:term":[{"taxonomy":"category","embeddable":true,"href":"https:\/\/fracs.aero\/fr\/wp-json\/wp\/v2\/categories?post=3716"},{"taxonomy":"post_tag","embeddable":true,"href":"https:\/\/fracs.aero\/fr\/wp-json\/wp\/v2\/tags?post=3716"}],"curies":[{"name":"wp","href":"https:\/\/api.w.org\/{rel}","templated":true}]}}