{"id":3863,"date":"2020-07-07T03:00:47","date_gmt":"2020-07-07T01:00:47","guid":{"rendered":"https:\/\/fracs.aero\/?p=3863"},"modified":"2020-07-09T17:20:50","modified_gmt":"2020-07-09T15:20:50","slug":"temoignage-de-stephane-rozalen-controleur-aerien","status":"publish","type":"post","link":"https:\/\/fracs.aero\/fr\/2020\/07\/07\/temoignage-de-stephane-rozalen-controleur-aerien\/","title":{"rendered":"T\u00e9moignage de St\u00e9phane Rozalen, Contr\u00f4leur A\u00e9rien"},"content":{"rendered":"\n<div class=\"wp-block-image\"><figure class=\"alignleft\"><img loading=\"lazy\" decoding=\"async\" width=\"141\" height=\"180\" src=\"https:\/\/fracs.aero\/wp-content\/uploads\/2020\/07\/rozalen.png\" alt=\"\" class=\"wp-image-3867\"\/><figcaption>St\u00e9phane Rozalen<\/figcaption><\/figure><\/div>\n\n\n\n<h4 class=\"wp-block-heading\"><strong>Pr\u00e9sentez votre parcours professionnel en quelques lignes<\/strong><\/h4>\n\n\n\n<p><em>\u00c9l\u00e8ve ICNA \u00e0 l\u2019ENAC en 1991, premi\u00e8re affectation au CRNA Est \u00e0 Reims en 1993, PC puis chef de salle en CRNA. Mutation \u00e0 Marseille, en Provence, en 2003, PC approche et puis chef de tour. J\u2019ai eu l\u2019opportunit\u00e9 de prendre des fonctions d\u2019encadrement \u00e0 Marseille, de chef de subdivision contr\u00f4le, puis chef de service exploitation.<\/em><\/p>\n\n\n\n<p><em>Cette \u00e9volution de carri\u00e8re m\u2019a permis d\u2019acqu\u00e9rir une vision globale des services de la navigation a\u00e9rienne et de l\u2019ensemble de leurs m\u00e9tiers.<\/em><\/p>\n\n\n\n<h4 class=\"wp-block-heading\"><strong>Quelles ont \u00e9t\u00e9 vos motivations pour travailler avec FRACS?<\/strong><\/h4>\n\n\n\n<p><em>Quand l\u2019ensemble du domaine navigation a\u00e9rienne vous passionne, quand vous y \u00eates impliqu\u00e9 depuis des ann\u00e9es en France, une premi\u00e8re proposition de mission au Vietnam pour une restructuration de l\u2019espace a\u00e9rien en collaboration avec NavBlue filiale d\u2019Airbus ne se refuse pas.<\/em><\/p>\n\n\n\n<h4 class=\"wp-block-heading\"><strong>Sur quel domaine ou quel projet avez-vous travaill\u00e9? <\/strong><\/h4>\n\n\n\n<p><em>Outre le projet VATM de restructuration de l\u2019espace a\u00e9rien, j\u2019ai aussi particip\u00e9 \u00e0 la r\u00e9daction de propositions d\u2019offres pour diff\u00e9rents march\u00e9s.<\/em><\/p>\n\n\n\n<h4 class=\"wp-block-heading\"><strong>Quelle est votre impression, votre avis, concernant l\u2019accompagnement de FRACS en parall\u00e8le de vos activit\u00e9s&nbsp;projet? <\/strong><\/h4>\n\n\n\n<p><em>Cet accompagnement existe et est suffisant \u00e0 mon sens.<\/em><\/p>\n\n\n\n<h4 class=\"wp-block-heading\"><strong>Qu\u2019appr\u00e9ciez-vous dans votre collaboration avec FRACS? <\/strong><\/h4>\n\n\n\n<ul class=\"wp-block-list\"><li><em>La r\u00e9activit\u00e9 et l\u2019implication des \u00ab\u2009permanents\u2009\u00bb qui font en permanence preuve de volont\u00e9 de comprendre, d\u2019apprendre un domaine de \u00ab\u2009sp\u00e9cialistes\u2009\u00bb.<\/em><\/li><li><em>Une politique maison de recherche de qualit\u00e9 et de haut niveau d\u2019implication qui r\u00e9pond aux standards d\u2019un domaine exigeant.<\/em><\/li><li><em>L&rsquo;ambiance de travail toujours agr\u00e9able m\u00eame dans des p\u00e9riodes d\u2019affluence. <\/em><\/li><li><em>L\u2019autonomie offerte et la confiance accord\u00e9e qui aident \u00e0 renforcer les comp\u00e9tences.<\/em><\/li><\/ul>\n\n\n\n<h4 class=\"wp-block-heading\"><strong>Que retiendrez-vous de votre exp\u00e9rience FRACS?<\/strong><\/h4>\n\n\n\n<p><em>Une exp\u00e9rience \u00e0 l\u2019international enrichissante que je souhaite poursuivre, l\u2019acquisition de nouvelles comp\u00e9tences dans le domaine \u00ab\u2009commercial\/relation client\u2009\u00bb.<\/em><\/p>\n\n\n\n<h4 class=\"wp-block-heading\"><strong>Retenteriez-vous l\u2019exp\u00e9rience de travailler avec FRACS?<\/strong><\/h4>\n\n\n\n<p><em>Bien s\u00fbr.<\/em><\/p>\n\n\n\n<h4 class=\"wp-block-heading\"><strong>Quels conseils donneriez-vous \u00e0 d\u2019autres experts pour leur prochaine collaboration avec FRACS?<\/strong><\/h4>\n\n\n\n<p><em>Ne pas h\u00e9siter, ne pas se sous-estimer, l\u2019\u00e9quipe FRACS saura accompagner et encourager les candidats. <\/em><\/p>\n\n\n\n<p><\/p>\n","protected":false},"excerpt":{"rendered":"<p>Pr\u00e9sentez votre parcours professionnel en quelques lignes \u00c9l\u00e8ve ICNA \u00e0 l\u2019ENAC en 1991, premi\u00e8re affectation au CRNA Est \u00e0 Reims en 1993, PC puis chef de salle en CRNA. Mutation \u00e0 Marseille, en Provence, en 2003, PC approche et puis chef de tour. J\u2019ai eu l\u2019opportunit\u00e9 de prendre des fonctions d\u2019encadrement \u00e0 Marseille, de chef [&hellip;]<\/p>\n","protected":false},"author":1,"featured_media":3837,"comment_status":"closed","ping_status":"open","sticky":false,"template":"","format":"standard","meta":{"cybocfi_hide_featured_image":"","footnotes":""},"categories":[25],"tags":[],"class_list":["post-3863","post","type-post","status-publish","format-standard","has-post-thumbnail","hentry","category-actualites"],"yoast_head":"<!-- This site is optimized with the Yoast SEO plugin v27.4 - https:\/\/yoast.com\/product\/yoast-seo-wordpress\/ -->\n<title>T\u00e9moignage de St\u00e9phane Rozalen, Contr\u00f4leur A\u00e9rien - France Aviation Civile Services<\/title>\n<meta name=\"robots\" content=\"index, follow, max-snippet:-1, max-image-preview:large, max-video-preview:-1\" \/>\n<link rel=\"canonical\" href=\"https:\/\/fracs.aero\/fr\/2020\/07\/07\/temoignage-de-stephane-rozalen-controleur-aerien\/\" \/>\n<meta property=\"og:locale\" content=\"fr_FR\" \/>\n<meta property=\"og:type\" content=\"article\" \/>\n<meta property=\"og:title\" content=\"T\u00e9moignage de St\u00e9phane Rozalen, Contr\u00f4leur A\u00e9rien - France Aviation Civile Services\" \/>\n<meta property=\"og:description\" content=\"Pr\u00e9sentez votre parcours professionnel en quelques lignes \u00c9l\u00e8ve ICNA \u00e0 l\u2019ENAC en 1991, premi\u00e8re affectation au CRNA Est \u00e0 Reims en 1993, PC puis chef de salle en CRNA. Mutation \u00e0 Marseille, en Provence, en 2003, PC approche et puis chef de tour. J\u2019ai eu l\u2019opportunit\u00e9 de prendre des fonctions d\u2019encadrement \u00e0 Marseille, de chef [&hellip;]\" \/>\n<meta property=\"og:url\" content=\"https:\/\/fracs.aero\/fr\/2020\/07\/07\/temoignage-de-stephane-rozalen-controleur-aerien\/\" \/>\n<meta property=\"og:site_name\" content=\"France Aviation Civile Services\" \/>\n<meta property=\"article:published_time\" content=\"2020-07-07T01:00:47+00:00\" \/>\n<meta property=\"article:modified_time\" content=\"2020-07-09T15:20:50+00:00\" \/>\n<meta property=\"og:image\" content=\"https:\/\/fracs.aero\/wp-content\/uploads\/2020\/06\/bandeau-expert-web.png\" \/>\n\t<meta property=\"og:image:width\" content=\"705\" \/>\n\t<meta property=\"og:image:height\" content=\"150\" \/>\n\t<meta property=\"og:image:type\" content=\"image\/png\" \/>\n<meta name=\"author\" content=\"admin_c4com\" \/>\n<meta name=\"twitter:card\" content=\"summary_large_image\" \/>\n<meta name=\"twitter:creator\" content=\"@fracsaero\" \/>\n<meta name=\"twitter:site\" content=\"@fracsaero\" \/>\n<meta name=\"twitter:label1\" content=\"\u00c9crit par\" \/>\n\t<meta name=\"twitter:data1\" content=\"admin_c4com\" \/>\n\t<meta name=\"twitter:label2\" content=\"Dur\u00e9e de lecture estim\u00e9e\" \/>\n\t<meta name=\"twitter:data2\" content=\"2 minutes\" \/>\n<script type=\"application\/ld+json\" class=\"yoast-schema-graph\">{\"@context\":\"https:\\\/\\\/schema.org\",\"@graph\":[{\"@type\":\"Article\",\"@id\":\"https:\\\/\\\/fracs.aero\\\/fr\\\/2020\\\/07\\\/07\\\/temoignage-de-stephane-rozalen-controleur-aerien\\\/#article\",\"isPartOf\":{\"@id\":\"https:\\\/\\\/fracs.aero\\\/fr\\\/2020\\\/07\\\/07\\\/temoignage-de-stephane-rozalen-controleur-aerien\\\/\"},\"author\":{\"name\":\"admin_c4com\",\"@id\":\"https:\\\/\\\/fracs.aero\\\/fr\\\/#\\\/schema\\\/person\\\/3222c26523ed0e5e952220f697e48267\"},\"headline\":\"T\u00e9moignage de St\u00e9phane Rozalen, Contr\u00f4leur A\u00e9rien\",\"datePublished\":\"2020-07-07T01:00:47+00:00\",\"dateModified\":\"2020-07-09T15:20:50+00:00\",\"mainEntityOfPage\":{\"@id\":\"https:\\\/\\\/fracs.aero\\\/fr\\\/2020\\\/07\\\/07\\\/temoignage-de-stephane-rozalen-controleur-aerien\\\/\"},\"wordCount\":378,\"publisher\":{\"@id\":\"https:\\\/\\\/fracs.aero\\\/fr\\\/#organization\"},\"image\":{\"@id\":\"https:\\\/\\\/fracs.aero\\\/fr\\\/2020\\\/07\\\/07\\\/temoignage-de-stephane-rozalen-controleur-aerien\\\/#primaryimage\"},\"thumbnailUrl\":\"https:\\\/\\\/fracs.aero\\\/wp-content\\\/uploads\\\/2020\\\/06\\\/bandeau-expert-web.png\",\"articleSection\":[\"ACTUALIT\u00c9S\"],\"inLanguage\":\"fr-FR\"},{\"@type\":\"WebPage\",\"@id\":\"https:\\\/\\\/fracs.aero\\\/fr\\\/2020\\\/07\\\/07\\\/temoignage-de-stephane-rozalen-controleur-aerien\\\/\",\"url\":\"https:\\\/\\\/fracs.aero\\\/fr\\\/2020\\\/07\\\/07\\\/temoignage-de-stephane-rozalen-controleur-aerien\\\/\",\"name\":\"T\u00e9moignage de St\u00e9phane Rozalen, Contr\u00f4leur A\u00e9rien - France Aviation Civile Services\",\"isPartOf\":{\"@id\":\"https:\\\/\\\/fracs.aero\\\/fr\\\/#website\"},\"primaryImageOfPage\":{\"@id\":\"https:\\\/\\\/fracs.aero\\\/fr\\\/2020\\\/07\\\/07\\\/temoignage-de-stephane-rozalen-controleur-aerien\\\/#primaryimage\"},\"image\":{\"@id\":\"https:\\\/\\\/fracs.aero\\\/fr\\\/2020\\\/07\\\/07\\\/temoignage-de-stephane-rozalen-controleur-aerien\\\/#primaryimage\"},\"thumbnailUrl\":\"https:\\\/\\\/fracs.aero\\\/wp-content\\\/uploads\\\/2020\\\/06\\\/bandeau-expert-web.png\",\"datePublished\":\"2020-07-07T01:00:47+00:00\",\"dateModified\":\"2020-07-09T15:20:50+00:00\",\"breadcrumb\":{\"@id\":\"https:\\\/\\\/fracs.aero\\\/fr\\\/2020\\\/07\\\/07\\\/temoignage-de-stephane-rozalen-controleur-aerien\\\/#breadcrumb\"},\"inLanguage\":\"fr-FR\",\"potentialAction\":[{\"@type\":\"ReadAction\",\"target\":[\"https:\\\/\\\/fracs.aero\\\/fr\\\/2020\\\/07\\\/07\\\/temoignage-de-stephane-rozalen-controleur-aerien\\\/\"]}]},{\"@type\":\"ImageObject\",\"inLanguage\":\"fr-FR\",\"@id\":\"https:\\\/\\\/fracs.aero\\\/fr\\\/2020\\\/07\\\/07\\\/temoignage-de-stephane-rozalen-controleur-aerien\\\/#primaryimage\",\"url\":\"https:\\\/\\\/fracs.aero\\\/wp-content\\\/uploads\\\/2020\\\/06\\\/bandeau-expert-web.png\",\"contentUrl\":\"https:\\\/\\\/fracs.aero\\\/wp-content\\\/uploads\\\/2020\\\/06\\\/bandeau-expert-web.png\",\"width\":705,\"height\":150},{\"@type\":\"BreadcrumbList\",\"@id\":\"https:\\\/\\\/fracs.aero\\\/fr\\\/2020\\\/07\\\/07\\\/temoignage-de-stephane-rozalen-controleur-aerien\\\/#breadcrumb\",\"itemListElement\":[{\"@type\":\"ListItem\",\"position\":1,\"name\":\"Home\",\"item\":\"https:\\\/\\\/fracs.aero\\\/fr\\\/\"},{\"@type\":\"ListItem\",\"position\":2,\"name\":\"T\u00e9moignage de St\u00e9phane Rozalen, Contr\u00f4leur A\u00e9rien\"}]},{\"@type\":\"WebSite\",\"@id\":\"https:\\\/\\\/fracs.aero\\\/fr\\\/#website\",\"url\":\"https:\\\/\\\/fracs.aero\\\/fr\\\/\",\"name\":\"France Aviation Civile Services\",\"description\":\"France Aviation Civile Services\",\"publisher\":{\"@id\":\"https:\\\/\\\/fracs.aero\\\/fr\\\/#organization\"},\"potentialAction\":[{\"@type\":\"SearchAction\",\"target\":{\"@type\":\"EntryPoint\",\"urlTemplate\":\"https:\\\/\\\/fracs.aero\\\/fr\\\/?s={search_term_string}\"},\"query-input\":{\"@type\":\"PropertyValueSpecification\",\"valueRequired\":true,\"valueName\":\"search_term_string\"}}],\"inLanguage\":\"fr-FR\"},{\"@type\":\"Organization\",\"@id\":\"https:\\\/\\\/fracs.aero\\\/fr\\\/#organization\",\"name\":\"France Aviation Civile Services\",\"url\":\"https:\\\/\\\/fracs.aero\\\/fr\\\/\",\"logo\":{\"@type\":\"ImageObject\",\"inLanguage\":\"fr-FR\",\"@id\":\"https:\\\/\\\/fracs.aero\\\/fr\\\/#\\\/schema\\\/logo\\\/image\\\/\",\"url\":\"https:\\\/\\\/fracs.aero\\\/wp-content\\\/uploads\\\/2019\\\/08\\\/FRACS-for-web-1.png\",\"contentUrl\":\"https:\\\/\\\/fracs.aero\\\/wp-content\\\/uploads\\\/2019\\\/08\\\/FRACS-for-web-1.png\",\"width\":340,\"height\":156,\"caption\":\"France Aviation Civile Services\"},\"image\":{\"@id\":\"https:\\\/\\\/fracs.aero\\\/fr\\\/#\\\/schema\\\/logo\\\/image\\\/\"},\"sameAs\":[\"https:\\\/\\\/x.com\\\/fracsaero\",\"https:\\\/\\\/www.linkedin.com\\\/company\\\/fracs\\\/\"]},{\"@type\":\"Person\",\"@id\":\"https:\\\/\\\/fracs.aero\\\/fr\\\/#\\\/schema\\\/person\\\/3222c26523ed0e5e952220f697e48267\",\"name\":\"admin_c4com\",\"image\":{\"@type\":\"ImageObject\",\"inLanguage\":\"fr-FR\",\"@id\":\"https:\\\/\\\/secure.gravatar.com\\\/avatar\\\/57dfc6b92119c0d9c4ea846b9365edd591c6c8ab72c7637242b68295f8b6eb36?s=96&d=mm&r=g\",\"url\":\"https:\\\/\\\/secure.gravatar.com\\\/avatar\\\/57dfc6b92119c0d9c4ea846b9365edd591c6c8ab72c7637242b68295f8b6eb36?s=96&d=mm&r=g\",\"contentUrl\":\"https:\\\/\\\/secure.gravatar.com\\\/avatar\\\/57dfc6b92119c0d9c4ea846b9365edd591c6c8ab72c7637242b68295f8b6eb36?s=96&d=mm&r=g\",\"caption\":\"admin_c4com\"},\"url\":\"https:\\\/\\\/fracs.aero\\\/fr\\\/author\\\/admin_c4com\\\/\"}]}<\/script>\n<!-- \/ Yoast SEO plugin. -->","yoast_head_json":{"title":"T\u00e9moignage de St\u00e9phane Rozalen, Contr\u00f4leur A\u00e9rien - France Aviation Civile Services","robots":{"index":"index","follow":"follow","max-snippet":"max-snippet:-1","max-image-preview":"max-image-preview:large","max-video-preview":"max-video-preview:-1"},"canonical":"https:\/\/fracs.aero\/fr\/2020\/07\/07\/temoignage-de-stephane-rozalen-controleur-aerien\/","og_locale":"fr_FR","og_type":"article","og_title":"T\u00e9moignage de St\u00e9phane Rozalen, Contr\u00f4leur A\u00e9rien - France Aviation Civile Services","og_description":"Pr\u00e9sentez votre parcours professionnel en quelques lignes \u00c9l\u00e8ve ICNA \u00e0 l\u2019ENAC en 1991, premi\u00e8re affectation au CRNA Est \u00e0 Reims en 1993, PC puis chef de salle en CRNA. Mutation \u00e0 Marseille, en Provence, en 2003, PC approche et puis chef de tour. J\u2019ai eu l\u2019opportunit\u00e9 de prendre des fonctions d\u2019encadrement \u00e0 Marseille, de chef [&hellip;]","og_url":"https:\/\/fracs.aero\/fr\/2020\/07\/07\/temoignage-de-stephane-rozalen-controleur-aerien\/","og_site_name":"France Aviation Civile Services","article_published_time":"2020-07-07T01:00:47+00:00","article_modified_time":"2020-07-09T15:20:50+00:00","og_image":[{"width":705,"height":150,"url":"https:\/\/fracs.aero\/wp-content\/uploads\/2020\/06\/bandeau-expert-web.png","type":"image\/png"}],"author":"admin_c4com","twitter_card":"summary_large_image","twitter_creator":"@fracsaero","twitter_site":"@fracsaero","twitter_misc":{"\u00c9crit par":"admin_c4com","Dur\u00e9e de lecture estim\u00e9e":"2 minutes"},"schema":{"@context":"https:\/\/schema.org","@graph":[{"@type":"Article","@id":"https:\/\/fracs.aero\/fr\/2020\/07\/07\/temoignage-de-stephane-rozalen-controleur-aerien\/#article","isPartOf":{"@id":"https:\/\/fracs.aero\/fr\/2020\/07\/07\/temoignage-de-stephane-rozalen-controleur-aerien\/"},"author":{"name":"admin_c4com","@id":"https:\/\/fracs.aero\/fr\/#\/schema\/person\/3222c26523ed0e5e952220f697e48267"},"headline":"T\u00e9moignage de St\u00e9phane Rozalen, Contr\u00f4leur A\u00e9rien","datePublished":"2020-07-07T01:00:47+00:00","dateModified":"2020-07-09T15:20:50+00:00","mainEntityOfPage":{"@id":"https:\/\/fracs.aero\/fr\/2020\/07\/07\/temoignage-de-stephane-rozalen-controleur-aerien\/"},"wordCount":378,"publisher":{"@id":"https:\/\/fracs.aero\/fr\/#organization"},"image":{"@id":"https:\/\/fracs.aero\/fr\/2020\/07\/07\/temoignage-de-stephane-rozalen-controleur-aerien\/#primaryimage"},"thumbnailUrl":"https:\/\/fracs.aero\/wp-content\/uploads\/2020\/06\/bandeau-expert-web.png","articleSection":["ACTUALIT\u00c9S"],"inLanguage":"fr-FR"},{"@type":"WebPage","@id":"https:\/\/fracs.aero\/fr\/2020\/07\/07\/temoignage-de-stephane-rozalen-controleur-aerien\/","url":"https:\/\/fracs.aero\/fr\/2020\/07\/07\/temoignage-de-stephane-rozalen-controleur-aerien\/","name":"T\u00e9moignage de St\u00e9phane Rozalen, Contr\u00f4leur A\u00e9rien - France Aviation Civile Services","isPartOf":{"@id":"https:\/\/fracs.aero\/fr\/#website"},"primaryImageOfPage":{"@id":"https:\/\/fracs.aero\/fr\/2020\/07\/07\/temoignage-de-stephane-rozalen-controleur-aerien\/#primaryimage"},"image":{"@id":"https:\/\/fracs.aero\/fr\/2020\/07\/07\/temoignage-de-stephane-rozalen-controleur-aerien\/#primaryimage"},"thumbnailUrl":"https:\/\/fracs.aero\/wp-content\/uploads\/2020\/06\/bandeau-expert-web.png","datePublished":"2020-07-07T01:00:47+00:00","dateModified":"2020-07-09T15:20:50+00:00","breadcrumb":{"@id":"https:\/\/fracs.aero\/fr\/2020\/07\/07\/temoignage-de-stephane-rozalen-controleur-aerien\/#breadcrumb"},"inLanguage":"fr-FR","potentialAction":[{"@type":"ReadAction","target":["https:\/\/fracs.aero\/fr\/2020\/07\/07\/temoignage-de-stephane-rozalen-controleur-aerien\/"]}]},{"@type":"ImageObject","inLanguage":"fr-FR","@id":"https:\/\/fracs.aero\/fr\/2020\/07\/07\/temoignage-de-stephane-rozalen-controleur-aerien\/#primaryimage","url":"https:\/\/fracs.aero\/wp-content\/uploads\/2020\/06\/bandeau-expert-web.png","contentUrl":"https:\/\/fracs.aero\/wp-content\/uploads\/2020\/06\/bandeau-expert-web.png","width":705,"height":150},{"@type":"BreadcrumbList","@id":"https:\/\/fracs.aero\/fr\/2020\/07\/07\/temoignage-de-stephane-rozalen-controleur-aerien\/#breadcrumb","itemListElement":[{"@type":"ListItem","position":1,"name":"Home","item":"https:\/\/fracs.aero\/fr\/"},{"@type":"ListItem","position":2,"name":"T\u00e9moignage de St\u00e9phane Rozalen, Contr\u00f4leur A\u00e9rien"}]},{"@type":"WebSite","@id":"https:\/\/fracs.aero\/fr\/#website","url":"https:\/\/fracs.aero\/fr\/","name":"France Aviation Civile Services","description":"France Aviation Civile Services","publisher":{"@id":"https:\/\/fracs.aero\/fr\/#organization"},"potentialAction":[{"@type":"SearchAction","target":{"@type":"EntryPoint","urlTemplate":"https:\/\/fracs.aero\/fr\/?s={search_term_string}"},"query-input":{"@type":"PropertyValueSpecification","valueRequired":true,"valueName":"search_term_string"}}],"inLanguage":"fr-FR"},{"@type":"Organization","@id":"https:\/\/fracs.aero\/fr\/#organization","name":"France Aviation Civile Services","url":"https:\/\/fracs.aero\/fr\/","logo":{"@type":"ImageObject","inLanguage":"fr-FR","@id":"https:\/\/fracs.aero\/fr\/#\/schema\/logo\/image\/","url":"https:\/\/fracs.aero\/wp-content\/uploads\/2019\/08\/FRACS-for-web-1.png","contentUrl":"https:\/\/fracs.aero\/wp-content\/uploads\/2019\/08\/FRACS-for-web-1.png","width":340,"height":156,"caption":"France Aviation Civile Services"},"image":{"@id":"https:\/\/fracs.aero\/fr\/#\/schema\/logo\/image\/"},"sameAs":["https:\/\/x.com\/fracsaero","https:\/\/www.linkedin.com\/company\/fracs\/"]},{"@type":"Person","@id":"https:\/\/fracs.aero\/fr\/#\/schema\/person\/3222c26523ed0e5e952220f697e48267","name":"admin_c4com","image":{"@type":"ImageObject","inLanguage":"fr-FR","@id":"https:\/\/secure.gravatar.com\/avatar\/57dfc6b92119c0d9c4ea846b9365edd591c6c8ab72c7637242b68295f8b6eb36?s=96&d=mm&r=g","url":"https:\/\/secure.gravatar.com\/avatar\/57dfc6b92119c0d9c4ea846b9365edd591c6c8ab72c7637242b68295f8b6eb36?s=96&d=mm&r=g","contentUrl":"https:\/\/secure.gravatar.com\/avatar\/57dfc6b92119c0d9c4ea846b9365edd591c6c8ab72c7637242b68295f8b6eb36?s=96&d=mm&r=g","caption":"admin_c4com"},"url":"https:\/\/fracs.aero\/fr\/author\/admin_c4com\/"}]}},"_links":{"self":[{"href":"https:\/\/fracs.aero\/fr\/wp-json\/wp\/v2\/posts\/3863","targetHints":{"allow":["GET"]}}],"collection":[{"href":"https:\/\/fracs.aero\/fr\/wp-json\/wp\/v2\/posts"}],"about":[{"href":"https:\/\/fracs.aero\/fr\/wp-json\/wp\/v2\/types\/post"}],"author":[{"embeddable":true,"href":"https:\/\/fracs.aero\/fr\/wp-json\/wp\/v2\/users\/1"}],"replies":[{"embeddable":true,"href":"https:\/\/fracs.aero\/fr\/wp-json\/wp\/v2\/comments?post=3863"}],"version-history":[{"count":0,"href":"https:\/\/fracs.aero\/fr\/wp-json\/wp\/v2\/posts\/3863\/revisions"}],"wp:featuredmedia":[{"embeddable":true,"href":"https:\/\/fracs.aero\/fr\/wp-json\/wp\/v2\/media\/3837"}],"wp:attachment":[{"href":"https:\/\/fracs.aero\/fr\/wp-json\/wp\/v2\/media?parent=3863"}],"wp:term":[{"taxonomy":"category","embeddable":true,"href":"https:\/\/fracs.aero\/fr\/wp-json\/wp\/v2\/categories?post=3863"},{"taxonomy":"post_tag","embeddable":true,"href":"https:\/\/fracs.aero\/fr\/wp-json\/wp\/v2\/tags?post=3863"}],"curies":[{"name":"wp","href":"https:\/\/api.w.org\/{rel}","templated":true}]}}