{"id":4171,"date":"2021-01-25T18:41:27","date_gmt":"2021-01-25T16:41:27","guid":{"rendered":"https:\/\/fracs.aero\/?p=4171"},"modified":"2021-01-25T18:45:06","modified_gmt":"2021-01-25T16:45:06","slug":"devenir-un-expert-fracs-signifie-devenir-ambassadeur-de-lentreprise","status":"publish","type":"post","link":"https:\/\/fracs.aero\/fr\/2021\/01\/25\/devenir-un-expert-fracs-signifie-devenir-ambassadeur-de-lentreprise\/","title":{"rendered":"Devenir un Expert Fracs signifie devenir Ambassadeur de l\u2019entreprise"},"content":{"rendered":"\n<p>Certains d\u2019entre vous ont d\u00e9j\u00e0 pu participer aux formations Institut d\u2019Excellence mises en place depuis 2017 par Fracs, pour eux, ceci ne sera alors qu\u2019une piq\u00fbre de rappel&nbsp;!<\/p>\n\n\n\n<p>Devenir un Expert Fracs signifie devenir Ambassadeur de l\u2019entreprise.<\/p>\n\n\n\n<p>Il est donc important pour vous de conna\u00eetre les activit\u00e9s de FRACS et vous en avez la possibilit\u00e9 par deux moyens r\u00e9actifs&nbsp;: le r\u00e9seau Twitter et le r\u00e9seau LinkedIn.<\/p>\n\n\n\n<p>Aujourd\u2019hui, Fracs est pr\u00e9sent sur ces deux r\u00e9seaux sociaux en plus de son site internet.<\/p>\n\n\n\n<p>Depuis plus deux ans \u00e0 pr\u00e9sent, FRACS fait un relev\u00e9 mensuel des KPI &#8211; <em>Key<\/em><em> Performance Indicator<\/em> &#8211; sur ces r\u00e9seaux afin d\u2019\u00e9valuer les retomb\u00e9es des communications faites. Lors d\u2019un enqu\u00eate Expert il y a quelques mois, vous avez montr\u00e9 un int\u00e9r\u00eat pour ces derni\u00e8res.<\/p>\n\n\n\n<p>Nous en avons retenu deux en ce d\u00e9but d\u2019ann\u00e9e 2021&nbsp;:<\/p>\n\n\n\n<h3 class=\"has-text-align-center wp-block-heading\"><strong>L\u2019\u00e9volution du nombre de nouveaux abonn\u00e9s par rapport aux tweets (R\u00e9seau Twitter)<\/strong><\/h3>\n\n\n\n<div class=\"wp-block-image\"><figure class=\"aligncenter size-large\"><img loading=\"lazy\" decoding=\"async\" width=\"800\" height=\"477\" src=\"https:\/\/fracs.aero\/wp-content\/uploads\/2021\/01\/kpi-1.jpg\" alt=\"\" class=\"wp-image-4173\" srcset=\"https:\/\/fracs.aero\/wp-content\/uploads\/2021\/01\/kpi-1.jpg 800w, https:\/\/fracs.aero\/wp-content\/uploads\/2021\/01\/kpi-1-300x179.jpg 300w, https:\/\/fracs.aero\/wp-content\/uploads\/2021\/01\/kpi-1-768x458.jpg 768w, https:\/\/fracs.aero\/wp-content\/uploads\/2021\/01\/kpi-1-705x420.jpg 705w, https:\/\/fracs.aero\/wp-content\/uploads\/2021\/01\/kpi-1-450x268.jpg 450w\" sizes=\"auto, (max-width: 800px) 100vw, 800px\" \/><\/figure><\/div>\n\n\n\n<p>Par ce graphique, on comprend clairement que plus FRACS est actif sur son r\u00e9seau social Twitter, plus le nombre de nouveaux abonn\u00e9s augmente. Plus le nombre d\u2019abonn\u00e9s augmente, plus la notori\u00e9t\u00e9 de FRACS \u00e9volue \u2013 et donc notre activit\u00e9&nbsp;! Cette situation se reproduit \u00e9galement sur le r\u00e9seau LinkedIn.<\/p>\n\n\n\n<p>Quelques d\u00e9tails&nbsp;:<\/p>\n\n\n\n<h4 class=\"wp-block-heading\">4 grands \u00ab\u00a0Pics\u00a0\u00bb\u00a0:<\/h4>\n\n\n\n<ul class=\"wp-block-list\"><li>Janvier &#8211; Mars 2018 et 2019 qui s\u2019explique par l\u2019\u00e9v\u00e8nement majeur du GIE\u00a0: sa participation au WAC de Madrid\u00a0<\/li><li>Juillet &#8211; Ao\u00fbt 2019\u00a0: lancement du \u00ab\u00a0jeu de l\u2019\u00e9t\u00e9\u00a0\u00bb o\u00f9 de nombreux lots ont \u00e9t\u00e9 gagn\u00e9s.<\/li><li>Septembre &#8211; Novembre 2019\u00a0: s\u00e9rie \u00ab\u00a0Tour de Contr\u00f4le\u00a0\u00bb, il a \u00e9t\u00e9 question de faire le tour du monde et de montrer \u00e0 tous les tours les plus insolites<\/li><\/ul>\n\n\n\n<p><\/p>\n\n\n\n<p><\/p>\n\n\n\n<p>En regardant ce graphique, on constate \u00e9galement qu\u2019entre le mois de septembre et novembre 2020, le nombre d\u2019abonn\u00e9s diminue, non par une mauvaise communication, mais par un grand nettoyage interne de nos Followers. Nous aussi, comme Cristiano Ronaldo ou encore <a href=\"https:\/\/www.grazia.fr\/people\/kim-kardashian-appelle-au-boycott-d-instagram-et-facebook-les-stars-ne-publieront-rien-sur-leurs-reseaux-aujourd-hui-971512\" target=\"_blank\" rel=\"noreferrer noopener\">Kim Kardashian<\/a>, avons \u00e9t\u00e9 victimes de faux comptes&nbsp;!<\/p>\n\n\n\n<h3 class=\"has-text-align-center wp-block-heading\"><strong>L\u2019\u00e9volution du nombre de nouveaux abonn\u00e9s sur nos r\u00e9seaux<\/strong><\/h3>\n\n\n\n<div class=\"wp-block-image\"><figure class=\"aligncenter size-large\"><img loading=\"lazy\" decoding=\"async\" width=\"800\" height=\"477\" src=\"https:\/\/fracs.aero\/wp-content\/uploads\/2021\/01\/kpi2.jpg\" alt=\"\" class=\"wp-image-4175\" srcset=\"https:\/\/fracs.aero\/wp-content\/uploads\/2021\/01\/kpi2.jpg 800w, https:\/\/fracs.aero\/wp-content\/uploads\/2021\/01\/kpi2-300x179.jpg 300w, https:\/\/fracs.aero\/wp-content\/uploads\/2021\/01\/kpi2-768x458.jpg 768w, https:\/\/fracs.aero\/wp-content\/uploads\/2021\/01\/kpi2-705x420.jpg 705w, https:\/\/fracs.aero\/wp-content\/uploads\/2021\/01\/kpi2-450x268.jpg 450w\" sizes=\"auto, (max-width: 800px) 100vw, 800px\" \/><\/figure><\/div>\n\n\n\n<p>Ce graphique montre que le r\u00e9seau LinkedIn est bien plus sollicit\u00e9 que le r\u00e9seau Twitter depuis d\u00e9but 2020. La visibilit\u00e9 et la notori\u00e9t\u00e9 d\u2019une entreprise se fait de plus en plus par ses r\u00e9seaux digitaux.<\/p>\n\n\n\n<p>Aujourd\u2019hui plus qu\u2019hier, nous avons besoin de vous, Ambassadeur et Ambassadrice pour suivre et relayer l\u2019information FRACS aupr\u00e8s de votre r\u00e9seau. Permettant ainsi de maintenir notre visibilit\u00e9 sur les r\u00e9seaux et d\u2019animer nos services comme la Base de donn\u00e9es ATD, ELVIRA et tous les nouveaux services \u00e0 venir&nbsp;!<\/p>\n\n\n\n<p>A pr\u00e9sent, il ne vous reste plus, si ce n\u2019est pas d\u00e9j\u00e0 fait, qu\u2019\u00e0 nous suivre sur&nbsp;:<\/p>\n\n\n\n<p>Twitter\u00a0:\u00a0 <a href=\"https:\/\/twitter.com\/fracsaero\" target=\"_blank\" rel=\"noreferrer noopener\">@fracsaero<\/a><br>LinkedIn\u00a0: <a href=\"http:\/\/www.linkedin.com\/company\/fracsaero\" target=\"_blank\" rel=\"noreferrer noopener\">www.linkedin.com\/company\/fracsaero<\/a><\/p>\n\n\n\n<p>Vous souhaitez mettre notre logo sur votre page personnelle, faites-nous la demande, ce sera avec plaisir que nous vous le transmettrons.<\/p>\n\n\n\n<p>Pour cette nouvelle ann\u00e9e, restez connect\u00e9-e, on compte sur vous&nbsp;!<\/p>\n","protected":false},"excerpt":{"rendered":"<p>Certains d\u2019entre vous ont d\u00e9j\u00e0 pu participer aux formations Institut d\u2019Excellence mises en place depuis 2017 par Fracs, pour eux, ceci ne sera alors qu\u2019une piq\u00fbre de rappel&nbsp;! Devenir un Expert Fracs signifie devenir Ambassadeur de l\u2019entreprise. Il est donc important pour vous de conna\u00eetre les activit\u00e9s de FRACS et vous en avez la possibilit\u00e9 [&hellip;]<\/p>\n","protected":false},"author":1,"featured_media":4177,"comment_status":"closed","ping_status":"open","sticky":false,"template":"","format":"standard","meta":{"cybocfi_hide_featured_image":"","footnotes":""},"categories":[25,59],"tags":[],"class_list":["post-4171","post","type-post","status-publish","format-standard","has-post-thumbnail","hentry","category-actualites","category-nouvelles-aux-experts"],"yoast_head":"<!-- This site is optimized with the Yoast SEO plugin v27.4 - https:\/\/yoast.com\/product\/yoast-seo-wordpress\/ -->\n<title>Devenir un Expert Fracs signifie devenir Ambassadeur de l\u2019entreprise - France Aviation Civile Services<\/title>\n<meta name=\"robots\" content=\"index, follow, max-snippet:-1, max-image-preview:large, max-video-preview:-1\" \/>\n<link rel=\"canonical\" href=\"https:\/\/fracs.aero\/fr\/2021\/01\/25\/devenir-un-expert-fracs-signifie-devenir-ambassadeur-de-lentreprise\/\" \/>\n<meta property=\"og:locale\" content=\"fr_FR\" \/>\n<meta property=\"og:type\" content=\"article\" \/>\n<meta property=\"og:title\" content=\"Devenir un Expert Fracs signifie devenir Ambassadeur de l\u2019entreprise - France Aviation Civile Services\" \/>\n<meta property=\"og:description\" content=\"Certains d\u2019entre vous ont d\u00e9j\u00e0 pu participer aux formations Institut d\u2019Excellence mises en place depuis 2017 par Fracs, pour eux, ceci ne sera alors qu\u2019une piq\u00fbre de rappel&nbsp;! Devenir un Expert Fracs signifie devenir Ambassadeur de l\u2019entreprise. Il est donc important pour vous de conna\u00eetre les activit\u00e9s de FRACS et vous en avez la possibilit\u00e9 [&hellip;]\" \/>\n<meta property=\"og:url\" content=\"https:\/\/fracs.aero\/fr\/2021\/01\/25\/devenir-un-expert-fracs-signifie-devenir-ambassadeur-de-lentreprise\/\" \/>\n<meta property=\"og:site_name\" content=\"France Aviation Civile Services\" \/>\n<meta property=\"article:published_time\" content=\"2021-01-25T16:41:27+00:00\" \/>\n<meta property=\"article:modified_time\" content=\"2021-01-25T16:45:06+00:00\" \/>\n<meta property=\"og:image\" content=\"https:\/\/fracs.aero\/wp-content\/uploads\/2021\/01\/Doigt.jpg\" \/>\n\t<meta property=\"og:image:width\" content=\"705\" \/>\n\t<meta property=\"og:image:height\" content=\"332\" \/>\n\t<meta property=\"og:image:type\" content=\"image\/jpeg\" \/>\n<meta name=\"author\" content=\"admin_c4com\" \/>\n<meta name=\"twitter:card\" content=\"summary_large_image\" \/>\n<meta name=\"twitter:creator\" content=\"@fracsaero\" \/>\n<meta name=\"twitter:site\" content=\"@fracsaero\" \/>\n<meta name=\"twitter:label1\" content=\"\u00c9crit par\" \/>\n\t<meta name=\"twitter:data1\" content=\"admin_c4com\" \/>\n\t<meta name=\"twitter:label2\" content=\"Dur\u00e9e de lecture estim\u00e9e\" \/>\n\t<meta name=\"twitter:data2\" content=\"3 minutes\" \/>\n<script type=\"application\/ld+json\" class=\"yoast-schema-graph\">{\"@context\":\"https:\\\/\\\/schema.org\",\"@graph\":[{\"@type\":\"Article\",\"@id\":\"https:\\\/\\\/fracs.aero\\\/fr\\\/2021\\\/01\\\/25\\\/devenir-un-expert-fracs-signifie-devenir-ambassadeur-de-lentreprise\\\/#article\",\"isPartOf\":{\"@id\":\"https:\\\/\\\/fracs.aero\\\/fr\\\/2021\\\/01\\\/25\\\/devenir-un-expert-fracs-signifie-devenir-ambassadeur-de-lentreprise\\\/\"},\"author\":{\"name\":\"admin_c4com\",\"@id\":\"https:\\\/\\\/fracs.aero\\\/fr\\\/#\\\/schema\\\/person\\\/3222c26523ed0e5e952220f697e48267\"},\"headline\":\"Devenir un Expert Fracs signifie devenir Ambassadeur de l\u2019entreprise\",\"datePublished\":\"2021-01-25T16:41:27+00:00\",\"dateModified\":\"2021-01-25T16:45:06+00:00\",\"mainEntityOfPage\":{\"@id\":\"https:\\\/\\\/fracs.aero\\\/fr\\\/2021\\\/01\\\/25\\\/devenir-un-expert-fracs-signifie-devenir-ambassadeur-de-lentreprise\\\/\"},\"wordCount\":535,\"publisher\":{\"@id\":\"https:\\\/\\\/fracs.aero\\\/fr\\\/#organization\"},\"image\":{\"@id\":\"https:\\\/\\\/fracs.aero\\\/fr\\\/2021\\\/01\\\/25\\\/devenir-un-expert-fracs-signifie-devenir-ambassadeur-de-lentreprise\\\/#primaryimage\"},\"thumbnailUrl\":\"https:\\\/\\\/fracs.aero\\\/wp-content\\\/uploads\\\/2021\\\/01\\\/Doigt.jpg\",\"articleSection\":[\"ACTUALIT\u00c9S\",\"NOUVELLES AUX EXPERTS\"],\"inLanguage\":\"fr-FR\"},{\"@type\":\"WebPage\",\"@id\":\"https:\\\/\\\/fracs.aero\\\/fr\\\/2021\\\/01\\\/25\\\/devenir-un-expert-fracs-signifie-devenir-ambassadeur-de-lentreprise\\\/\",\"url\":\"https:\\\/\\\/fracs.aero\\\/fr\\\/2021\\\/01\\\/25\\\/devenir-un-expert-fracs-signifie-devenir-ambassadeur-de-lentreprise\\\/\",\"name\":\"Devenir un Expert Fracs signifie devenir Ambassadeur de l\u2019entreprise - France Aviation Civile Services\",\"isPartOf\":{\"@id\":\"https:\\\/\\\/fracs.aero\\\/fr\\\/#website\"},\"primaryImageOfPage\":{\"@id\":\"https:\\\/\\\/fracs.aero\\\/fr\\\/2021\\\/01\\\/25\\\/devenir-un-expert-fracs-signifie-devenir-ambassadeur-de-lentreprise\\\/#primaryimage\"},\"image\":{\"@id\":\"https:\\\/\\\/fracs.aero\\\/fr\\\/2021\\\/01\\\/25\\\/devenir-un-expert-fracs-signifie-devenir-ambassadeur-de-lentreprise\\\/#primaryimage\"},\"thumbnailUrl\":\"https:\\\/\\\/fracs.aero\\\/wp-content\\\/uploads\\\/2021\\\/01\\\/Doigt.jpg\",\"datePublished\":\"2021-01-25T16:41:27+00:00\",\"dateModified\":\"2021-01-25T16:45:06+00:00\",\"breadcrumb\":{\"@id\":\"https:\\\/\\\/fracs.aero\\\/fr\\\/2021\\\/01\\\/25\\\/devenir-un-expert-fracs-signifie-devenir-ambassadeur-de-lentreprise\\\/#breadcrumb\"},\"inLanguage\":\"fr-FR\",\"potentialAction\":[{\"@type\":\"ReadAction\",\"target\":[\"https:\\\/\\\/fracs.aero\\\/fr\\\/2021\\\/01\\\/25\\\/devenir-un-expert-fracs-signifie-devenir-ambassadeur-de-lentreprise\\\/\"]}]},{\"@type\":\"ImageObject\",\"inLanguage\":\"fr-FR\",\"@id\":\"https:\\\/\\\/fracs.aero\\\/fr\\\/2021\\\/01\\\/25\\\/devenir-un-expert-fracs-signifie-devenir-ambassadeur-de-lentreprise\\\/#primaryimage\",\"url\":\"https:\\\/\\\/fracs.aero\\\/wp-content\\\/uploads\\\/2021\\\/01\\\/Doigt.jpg\",\"contentUrl\":\"https:\\\/\\\/fracs.aero\\\/wp-content\\\/uploads\\\/2021\\\/01\\\/Doigt.jpg\",\"width\":705,\"height\":332},{\"@type\":\"BreadcrumbList\",\"@id\":\"https:\\\/\\\/fracs.aero\\\/fr\\\/2021\\\/01\\\/25\\\/devenir-un-expert-fracs-signifie-devenir-ambassadeur-de-lentreprise\\\/#breadcrumb\",\"itemListElement\":[{\"@type\":\"ListItem\",\"position\":1,\"name\":\"Home\",\"item\":\"https:\\\/\\\/fracs.aero\\\/fr\\\/\"},{\"@type\":\"ListItem\",\"position\":2,\"name\":\"Devenir un Expert Fracs signifie devenir Ambassadeur de l\u2019entreprise\"}]},{\"@type\":\"WebSite\",\"@id\":\"https:\\\/\\\/fracs.aero\\\/fr\\\/#website\",\"url\":\"https:\\\/\\\/fracs.aero\\\/fr\\\/\",\"name\":\"France Aviation Civile Services\",\"description\":\"France Aviation Civile Services\",\"publisher\":{\"@id\":\"https:\\\/\\\/fracs.aero\\\/fr\\\/#organization\"},\"potentialAction\":[{\"@type\":\"SearchAction\",\"target\":{\"@type\":\"EntryPoint\",\"urlTemplate\":\"https:\\\/\\\/fracs.aero\\\/fr\\\/?s={search_term_string}\"},\"query-input\":{\"@type\":\"PropertyValueSpecification\",\"valueRequired\":true,\"valueName\":\"search_term_string\"}}],\"inLanguage\":\"fr-FR\"},{\"@type\":\"Organization\",\"@id\":\"https:\\\/\\\/fracs.aero\\\/fr\\\/#organization\",\"name\":\"France Aviation Civile Services\",\"url\":\"https:\\\/\\\/fracs.aero\\\/fr\\\/\",\"logo\":{\"@type\":\"ImageObject\",\"inLanguage\":\"fr-FR\",\"@id\":\"https:\\\/\\\/fracs.aero\\\/fr\\\/#\\\/schema\\\/logo\\\/image\\\/\",\"url\":\"https:\\\/\\\/fracs.aero\\\/wp-content\\\/uploads\\\/2019\\\/08\\\/FRACS-for-web-1.png\",\"contentUrl\":\"https:\\\/\\\/fracs.aero\\\/wp-content\\\/uploads\\\/2019\\\/08\\\/FRACS-for-web-1.png\",\"width\":340,\"height\":156,\"caption\":\"France Aviation Civile Services\"},\"image\":{\"@id\":\"https:\\\/\\\/fracs.aero\\\/fr\\\/#\\\/schema\\\/logo\\\/image\\\/\"},\"sameAs\":[\"https:\\\/\\\/x.com\\\/fracsaero\",\"https:\\\/\\\/www.linkedin.com\\\/company\\\/fracs\\\/\"]},{\"@type\":\"Person\",\"@id\":\"https:\\\/\\\/fracs.aero\\\/fr\\\/#\\\/schema\\\/person\\\/3222c26523ed0e5e952220f697e48267\",\"name\":\"admin_c4com\",\"image\":{\"@type\":\"ImageObject\",\"inLanguage\":\"fr-FR\",\"@id\":\"https:\\\/\\\/secure.gravatar.com\\\/avatar\\\/57dfc6b92119c0d9c4ea846b9365edd591c6c8ab72c7637242b68295f8b6eb36?s=96&d=mm&r=g\",\"url\":\"https:\\\/\\\/secure.gravatar.com\\\/avatar\\\/57dfc6b92119c0d9c4ea846b9365edd591c6c8ab72c7637242b68295f8b6eb36?s=96&d=mm&r=g\",\"contentUrl\":\"https:\\\/\\\/secure.gravatar.com\\\/avatar\\\/57dfc6b92119c0d9c4ea846b9365edd591c6c8ab72c7637242b68295f8b6eb36?s=96&d=mm&r=g\",\"caption\":\"admin_c4com\"},\"url\":\"https:\\\/\\\/fracs.aero\\\/fr\\\/author\\\/admin_c4com\\\/\"}]}<\/script>\n<!-- \/ Yoast SEO plugin. -->","yoast_head_json":{"title":"Devenir un Expert Fracs signifie devenir Ambassadeur de l\u2019entreprise - France Aviation Civile Services","robots":{"index":"index","follow":"follow","max-snippet":"max-snippet:-1","max-image-preview":"max-image-preview:large","max-video-preview":"max-video-preview:-1"},"canonical":"https:\/\/fracs.aero\/fr\/2021\/01\/25\/devenir-un-expert-fracs-signifie-devenir-ambassadeur-de-lentreprise\/","og_locale":"fr_FR","og_type":"article","og_title":"Devenir un Expert Fracs signifie devenir Ambassadeur de l\u2019entreprise - France Aviation Civile Services","og_description":"Certains d\u2019entre vous ont d\u00e9j\u00e0 pu participer aux formations Institut d\u2019Excellence mises en place depuis 2017 par Fracs, pour eux, ceci ne sera alors qu\u2019une piq\u00fbre de rappel&nbsp;! Devenir un Expert Fracs signifie devenir Ambassadeur de l\u2019entreprise. Il est donc important pour vous de conna\u00eetre les activit\u00e9s de FRACS et vous en avez la possibilit\u00e9 [&hellip;]","og_url":"https:\/\/fracs.aero\/fr\/2021\/01\/25\/devenir-un-expert-fracs-signifie-devenir-ambassadeur-de-lentreprise\/","og_site_name":"France Aviation Civile Services","article_published_time":"2021-01-25T16:41:27+00:00","article_modified_time":"2021-01-25T16:45:06+00:00","og_image":[{"width":705,"height":332,"url":"https:\/\/fracs.aero\/wp-content\/uploads\/2021\/01\/Doigt.jpg","type":"image\/jpeg"}],"author":"admin_c4com","twitter_card":"summary_large_image","twitter_creator":"@fracsaero","twitter_site":"@fracsaero","twitter_misc":{"\u00c9crit par":"admin_c4com","Dur\u00e9e de lecture estim\u00e9e":"3 minutes"},"schema":{"@context":"https:\/\/schema.org","@graph":[{"@type":"Article","@id":"https:\/\/fracs.aero\/fr\/2021\/01\/25\/devenir-un-expert-fracs-signifie-devenir-ambassadeur-de-lentreprise\/#article","isPartOf":{"@id":"https:\/\/fracs.aero\/fr\/2021\/01\/25\/devenir-un-expert-fracs-signifie-devenir-ambassadeur-de-lentreprise\/"},"author":{"name":"admin_c4com","@id":"https:\/\/fracs.aero\/fr\/#\/schema\/person\/3222c26523ed0e5e952220f697e48267"},"headline":"Devenir un Expert Fracs signifie devenir Ambassadeur de l\u2019entreprise","datePublished":"2021-01-25T16:41:27+00:00","dateModified":"2021-01-25T16:45:06+00:00","mainEntityOfPage":{"@id":"https:\/\/fracs.aero\/fr\/2021\/01\/25\/devenir-un-expert-fracs-signifie-devenir-ambassadeur-de-lentreprise\/"},"wordCount":535,"publisher":{"@id":"https:\/\/fracs.aero\/fr\/#organization"},"image":{"@id":"https:\/\/fracs.aero\/fr\/2021\/01\/25\/devenir-un-expert-fracs-signifie-devenir-ambassadeur-de-lentreprise\/#primaryimage"},"thumbnailUrl":"https:\/\/fracs.aero\/wp-content\/uploads\/2021\/01\/Doigt.jpg","articleSection":["ACTUALIT\u00c9S","NOUVELLES AUX EXPERTS"],"inLanguage":"fr-FR"},{"@type":"WebPage","@id":"https:\/\/fracs.aero\/fr\/2021\/01\/25\/devenir-un-expert-fracs-signifie-devenir-ambassadeur-de-lentreprise\/","url":"https:\/\/fracs.aero\/fr\/2021\/01\/25\/devenir-un-expert-fracs-signifie-devenir-ambassadeur-de-lentreprise\/","name":"Devenir un Expert Fracs signifie devenir Ambassadeur de l\u2019entreprise - France Aviation Civile Services","isPartOf":{"@id":"https:\/\/fracs.aero\/fr\/#website"},"primaryImageOfPage":{"@id":"https:\/\/fracs.aero\/fr\/2021\/01\/25\/devenir-un-expert-fracs-signifie-devenir-ambassadeur-de-lentreprise\/#primaryimage"},"image":{"@id":"https:\/\/fracs.aero\/fr\/2021\/01\/25\/devenir-un-expert-fracs-signifie-devenir-ambassadeur-de-lentreprise\/#primaryimage"},"thumbnailUrl":"https:\/\/fracs.aero\/wp-content\/uploads\/2021\/01\/Doigt.jpg","datePublished":"2021-01-25T16:41:27+00:00","dateModified":"2021-01-25T16:45:06+00:00","breadcrumb":{"@id":"https:\/\/fracs.aero\/fr\/2021\/01\/25\/devenir-un-expert-fracs-signifie-devenir-ambassadeur-de-lentreprise\/#breadcrumb"},"inLanguage":"fr-FR","potentialAction":[{"@type":"ReadAction","target":["https:\/\/fracs.aero\/fr\/2021\/01\/25\/devenir-un-expert-fracs-signifie-devenir-ambassadeur-de-lentreprise\/"]}]},{"@type":"ImageObject","inLanguage":"fr-FR","@id":"https:\/\/fracs.aero\/fr\/2021\/01\/25\/devenir-un-expert-fracs-signifie-devenir-ambassadeur-de-lentreprise\/#primaryimage","url":"https:\/\/fracs.aero\/wp-content\/uploads\/2021\/01\/Doigt.jpg","contentUrl":"https:\/\/fracs.aero\/wp-content\/uploads\/2021\/01\/Doigt.jpg","width":705,"height":332},{"@type":"BreadcrumbList","@id":"https:\/\/fracs.aero\/fr\/2021\/01\/25\/devenir-un-expert-fracs-signifie-devenir-ambassadeur-de-lentreprise\/#breadcrumb","itemListElement":[{"@type":"ListItem","position":1,"name":"Home","item":"https:\/\/fracs.aero\/fr\/"},{"@type":"ListItem","position":2,"name":"Devenir un Expert Fracs signifie devenir Ambassadeur de l\u2019entreprise"}]},{"@type":"WebSite","@id":"https:\/\/fracs.aero\/fr\/#website","url":"https:\/\/fracs.aero\/fr\/","name":"France Aviation Civile Services","description":"France Aviation Civile Services","publisher":{"@id":"https:\/\/fracs.aero\/fr\/#organization"},"potentialAction":[{"@type":"SearchAction","target":{"@type":"EntryPoint","urlTemplate":"https:\/\/fracs.aero\/fr\/?s={search_term_string}"},"query-input":{"@type":"PropertyValueSpecification","valueRequired":true,"valueName":"search_term_string"}}],"inLanguage":"fr-FR"},{"@type":"Organization","@id":"https:\/\/fracs.aero\/fr\/#organization","name":"France Aviation Civile Services","url":"https:\/\/fracs.aero\/fr\/","logo":{"@type":"ImageObject","inLanguage":"fr-FR","@id":"https:\/\/fracs.aero\/fr\/#\/schema\/logo\/image\/","url":"https:\/\/fracs.aero\/wp-content\/uploads\/2019\/08\/FRACS-for-web-1.png","contentUrl":"https:\/\/fracs.aero\/wp-content\/uploads\/2019\/08\/FRACS-for-web-1.png","width":340,"height":156,"caption":"France Aviation Civile Services"},"image":{"@id":"https:\/\/fracs.aero\/fr\/#\/schema\/logo\/image\/"},"sameAs":["https:\/\/x.com\/fracsaero","https:\/\/www.linkedin.com\/company\/fracs\/"]},{"@type":"Person","@id":"https:\/\/fracs.aero\/fr\/#\/schema\/person\/3222c26523ed0e5e952220f697e48267","name":"admin_c4com","image":{"@type":"ImageObject","inLanguage":"fr-FR","@id":"https:\/\/secure.gravatar.com\/avatar\/57dfc6b92119c0d9c4ea846b9365edd591c6c8ab72c7637242b68295f8b6eb36?s=96&d=mm&r=g","url":"https:\/\/secure.gravatar.com\/avatar\/57dfc6b92119c0d9c4ea846b9365edd591c6c8ab72c7637242b68295f8b6eb36?s=96&d=mm&r=g","contentUrl":"https:\/\/secure.gravatar.com\/avatar\/57dfc6b92119c0d9c4ea846b9365edd591c6c8ab72c7637242b68295f8b6eb36?s=96&d=mm&r=g","caption":"admin_c4com"},"url":"https:\/\/fracs.aero\/fr\/author\/admin_c4com\/"}]}},"_links":{"self":[{"href":"https:\/\/fracs.aero\/fr\/wp-json\/wp\/v2\/posts\/4171","targetHints":{"allow":["GET"]}}],"collection":[{"href":"https:\/\/fracs.aero\/fr\/wp-json\/wp\/v2\/posts"}],"about":[{"href":"https:\/\/fracs.aero\/fr\/wp-json\/wp\/v2\/types\/post"}],"author":[{"embeddable":true,"href":"https:\/\/fracs.aero\/fr\/wp-json\/wp\/v2\/users\/1"}],"replies":[{"embeddable":true,"href":"https:\/\/fracs.aero\/fr\/wp-json\/wp\/v2\/comments?post=4171"}],"version-history":[{"count":0,"href":"https:\/\/fracs.aero\/fr\/wp-json\/wp\/v2\/posts\/4171\/revisions"}],"wp:featuredmedia":[{"embeddable":true,"href":"https:\/\/fracs.aero\/fr\/wp-json\/wp\/v2\/media\/4177"}],"wp:attachment":[{"href":"https:\/\/fracs.aero\/fr\/wp-json\/wp\/v2\/media?parent=4171"}],"wp:term":[{"taxonomy":"category","embeddable":true,"href":"https:\/\/fracs.aero\/fr\/wp-json\/wp\/v2\/categories?post=4171"},{"taxonomy":"post_tag","embeddable":true,"href":"https:\/\/fracs.aero\/fr\/wp-json\/wp\/v2\/tags?post=4171"}],"curies":[{"name":"wp","href":"https:\/\/api.w.org\/{rel}","templated":true}]}}