{"id":5779,"date":"2024-06-21T15:17:32","date_gmt":"2024-06-21T13:17:32","guid":{"rendered":"https:\/\/fracs.aero\/?p=5779"},"modified":"2024-06-21T15:17:36","modified_gmt":"2024-06-21T13:17:36","slug":"bravo-a-la-promotion-aline-pillan-6e-promotion-de-linstitut-dexcellence","status":"publish","type":"post","link":"https:\/\/fracs.aero\/fr\/2024\/06\/21\/bravo-a-la-promotion-aline-pillan-6e-promotion-de-linstitut-dexcellence\/","title":{"rendered":"Bravo \u00e0 la promotion Aline PILLAN, 6e promotion de l\u2019Institut d\u2019Excellence"},"content":{"rendered":"\n<p>Pour la sixi\u00e8me ann\u00e9e cons\u00e9cutive, toute l\u2019\u00e9quipe de France Aviation Civile Services (FRACS) a eu le plaisir d\u2019accueillir ses futurs experts lors de la formation Institut d\u2019Excellence (ID).<\/p>\n\n\n\n<p>Cette formation dispens\u00e9e en pr\u00e9sentiel \u00e0 Toulouse dans les locaux de l\u2019\u00c9cole Nationale de l\u2019Aviation Civile (ENAC) a pour vocation de pr\u00e9parer experts et futurs experts au travail \u00e0 l\u2019international dans le cadre d\u2019un projet avec FRACS en tant que consultant.<\/p>\n\n\n\n<p>Aline PILLAN, Secr\u00e9taire G\u00e9n\u00e9rale (SG) de la Direction G\u00e9n\u00e9rale de l&rsquo;Aviation Civile (DGAC) nous a fait l\u2019honneur d\u2019\u00eatre la marraine de cette 6<sup>e<\/sup> promotion et les participants ont eu l\u2019opportunit\u00e9 de pouvoir \u00e9changer avec elle, autour d\u2019un moment privil\u00e9gi\u00e9 en visioconf\u00e9rence.<\/p>\n\n\n\n<p>La derni\u00e8re promotion qui a eu lieu les 6 et 7 juin faisait suite \u00e0 la premi\u00e8re session de janvier et se voulait cette fois plus pratique, puisque les participants ont eu pour mission de travailler en groupe autour d\u2019une \u00e9tude de cas. Sur des sujets tels que le d\u00e9veloppement du Sustainable Air Fuel (SAF) ou les taxis volants (VTOL), chaque \u00e9quipe a brillamment relev\u00e9 le d\u00e9fi de simuler une r\u00e9union de lancement d\u2019une \u00e9tude de faisabilit\u00e9 devant des clients repr\u00e9sent\u00e9s par les membres de l\u2019\u00e9quipe FRACS.<\/p>\n\n\n\n<p>La formation s\u2019est termin\u00e9e sur la traditionnelle remise des certificats. Toute l\u2019\u00e9quipe FRACS remercie les participants de cette ann\u00e9e pour leur assiduit\u00e9, leur travail et la bonne ambiance de ces deux sessions. Nous sommes ravis des commentaires positifs re\u00e7us suite au questionnaire de satisfaction, qui saluent la qualit\u00e9 des interventions, la diversit\u00e9 dans les profils des participants et l\u2019organisation. Un grand merci \u00e0 tous&nbsp;!<\/p>\n\n\n\n<p>ID se d\u00e9roule en deux parties distinctes qui sont compl\u00e9mentaires, une plus th\u00e9orique en d\u00e9but d\u2019ann\u00e9e et une seconde plus ax\u00e9e sur la pratique. Avec plusieurs intervenants de l\u2019Aviation Civile, nous y pr\u00e9sentons notre entreprise et nos principales activit\u00e9s, le contexte international et des m\u00e9thodes de conseil et de gestion de projet. Le tout permet de d\u00e9finir et illustrer le r\u00f4le d\u2019un consultant de FRACS. Enrichi par des cas pratiques autour des th\u00e9matiques abord\u00e9es et des retours d\u2019exp\u00e9rience d\u2019intervenants, ID permet de parcourir un maximum de sujets pour tout expert qui souhaiterait partir en mission avec nous.&nbsp;<\/p>\n\n\n\n<p>Nous vous attendons nombreux pour la prochaine promotion qui d\u00e9butera en d\u00e9but d\u2019ann\u00e9e 2025. Si vous souhaitez y participer, envoyez votre CV \u00e0 <a href=\"mailto:melanie.roquefere@fracs.aero\">melanie.roquefere@fracs.aero<\/a><\/p>\n","protected":false},"excerpt":{"rendered":"<p>Pour la sixi\u00e8me ann\u00e9e cons\u00e9cutive, toute l\u2019\u00e9quipe de France Aviation Civile Services (FRACS) a eu le plaisir d\u2019accueillir ses futurs experts lors de la formation Institut d\u2019Excellence (ID). Cette formation dispens\u00e9e en pr\u00e9sentiel \u00e0 Toulouse dans les locaux de l\u2019\u00c9cole Nationale de l\u2019Aviation Civile (ENAC) a pour vocation de pr\u00e9parer experts et futurs experts au [&hellip;]<\/p>\n","protected":false},"author":1,"featured_media":5780,"comment_status":"closed","ping_status":"open","sticky":false,"template":"","format":"standard","meta":{"cybocfi_hide_featured_image":"","footnotes":""},"categories":[59],"tags":[],"class_list":["post-5779","post","type-post","status-publish","format-standard","has-post-thumbnail","hentry","category-nouvelles-aux-experts"],"yoast_head":"<!-- This site is optimized with the Yoast SEO plugin v26.6 - https:\/\/yoast.com\/wordpress\/plugins\/seo\/ -->\n<title>Bravo \u00e0 la promotion Aline PILLAN, 6e promotion de l\u2019Institut d\u2019Excellence - France Aviation Civile Services<\/title>\n<meta name=\"robots\" content=\"index, follow, max-snippet:-1, max-image-preview:large, max-video-preview:-1\" \/>\n<link rel=\"canonical\" href=\"https:\/\/fracs.aero\/fr\/2024\/06\/21\/bravo-a-la-promotion-aline-pillan-6e-promotion-de-linstitut-dexcellence\/\" \/>\n<meta property=\"og:locale\" content=\"fr_FR\" \/>\n<meta property=\"og:type\" content=\"article\" \/>\n<meta property=\"og:title\" content=\"Bravo \u00e0 la promotion Aline PILLAN, 6e promotion de l\u2019Institut d\u2019Excellence - France Aviation Civile Services\" \/>\n<meta property=\"og:description\" content=\"Pour la sixi\u00e8me ann\u00e9e cons\u00e9cutive, toute l\u2019\u00e9quipe de France Aviation Civile Services (FRACS) a eu le plaisir d\u2019accueillir ses futurs experts lors de la formation Institut d\u2019Excellence (ID). Cette formation dispens\u00e9e en pr\u00e9sentiel \u00e0 Toulouse dans les locaux de l\u2019\u00c9cole Nationale de l\u2019Aviation Civile (ENAC) a pour vocation de pr\u00e9parer experts et futurs experts au [&hellip;]\" \/>\n<meta property=\"og:url\" content=\"https:\/\/fracs.aero\/fr\/2024\/06\/21\/bravo-a-la-promotion-aline-pillan-6e-promotion-de-linstitut-dexcellence\/\" \/>\n<meta property=\"og:site_name\" content=\"France Aviation Civile Services\" \/>\n<meta property=\"article:published_time\" content=\"2024-06-21T13:17:32+00:00\" \/>\n<meta property=\"article:modified_time\" content=\"2024-06-21T13:17:36+00:00\" \/>\n<meta property=\"og:image\" content=\"https:\/\/fracs.aero\/wp-content\/uploads\/2024\/06\/expert-ID.jpg\" \/>\n\t<meta property=\"og:image:width\" content=\"908\" \/>\n\t<meta property=\"og:image:height\" content=\"470\" \/>\n\t<meta property=\"og:image:type\" content=\"image\/jpeg\" \/>\n<meta name=\"author\" content=\"admin_c4com\" \/>\n<meta name=\"twitter:card\" content=\"summary_large_image\" \/>\n<meta name=\"twitter:creator\" content=\"@fracsaero\" \/>\n<meta name=\"twitter:site\" content=\"@fracsaero\" \/>\n<meta name=\"twitter:label1\" content=\"\u00c9crit par\" \/>\n\t<meta name=\"twitter:data1\" content=\"admin_c4com\" \/>\n\t<meta name=\"twitter:label2\" content=\"Dur\u00e9e de lecture estim\u00e9e\" \/>\n\t<meta name=\"twitter:data2\" content=\"2 minutes\" \/>\n<script type=\"application\/ld+json\" class=\"yoast-schema-graph\">{\"@context\":\"https:\/\/schema.org\",\"@graph\":[{\"@type\":\"Article\",\"@id\":\"https:\/\/fracs.aero\/fr\/2024\/06\/21\/bravo-a-la-promotion-aline-pillan-6e-promotion-de-linstitut-dexcellence\/#article\",\"isPartOf\":{\"@id\":\"https:\/\/fracs.aero\/fr\/2024\/06\/21\/bravo-a-la-promotion-aline-pillan-6e-promotion-de-linstitut-dexcellence\/\"},\"author\":{\"name\":\"admin_c4com\",\"@id\":\"https:\/\/fracs.aero\/fr\/#\/schema\/person\/3222c26523ed0e5e952220f697e48267\"},\"headline\":\"Bravo \u00e0 la promotion Aline PILLAN, 6e promotion de l\u2019Institut d\u2019Excellence\",\"datePublished\":\"2024-06-21T13:17:32+00:00\",\"dateModified\":\"2024-06-21T13:17:36+00:00\",\"mainEntityOfPage\":{\"@id\":\"https:\/\/fracs.aero\/fr\/2024\/06\/21\/bravo-a-la-promotion-aline-pillan-6e-promotion-de-linstitut-dexcellence\/\"},\"wordCount\":455,\"publisher\":{\"@id\":\"https:\/\/fracs.aero\/fr\/#organization\"},\"image\":{\"@id\":\"https:\/\/fracs.aero\/fr\/2024\/06\/21\/bravo-a-la-promotion-aline-pillan-6e-promotion-de-linstitut-dexcellence\/#primaryimage\"},\"thumbnailUrl\":\"https:\/\/fracs.aero\/wp-content\/uploads\/2024\/06\/expert-ID.jpg\",\"articleSection\":[\"NOUVELLES AUX EXPERTS\"],\"inLanguage\":\"fr-FR\"},{\"@type\":\"WebPage\",\"@id\":\"https:\/\/fracs.aero\/fr\/2024\/06\/21\/bravo-a-la-promotion-aline-pillan-6e-promotion-de-linstitut-dexcellence\/\",\"url\":\"https:\/\/fracs.aero\/fr\/2024\/06\/21\/bravo-a-la-promotion-aline-pillan-6e-promotion-de-linstitut-dexcellence\/\",\"name\":\"Bravo \u00e0 la promotion Aline PILLAN, 6e promotion de l\u2019Institut d\u2019Excellence - France Aviation Civile Services\",\"isPartOf\":{\"@id\":\"https:\/\/fracs.aero\/fr\/#website\"},\"primaryImageOfPage\":{\"@id\":\"https:\/\/fracs.aero\/fr\/2024\/06\/21\/bravo-a-la-promotion-aline-pillan-6e-promotion-de-linstitut-dexcellence\/#primaryimage\"},\"image\":{\"@id\":\"https:\/\/fracs.aero\/fr\/2024\/06\/21\/bravo-a-la-promotion-aline-pillan-6e-promotion-de-linstitut-dexcellence\/#primaryimage\"},\"thumbnailUrl\":\"https:\/\/fracs.aero\/wp-content\/uploads\/2024\/06\/expert-ID.jpg\",\"datePublished\":\"2024-06-21T13:17:32+00:00\",\"dateModified\":\"2024-06-21T13:17:36+00:00\",\"breadcrumb\":{\"@id\":\"https:\/\/fracs.aero\/fr\/2024\/06\/21\/bravo-a-la-promotion-aline-pillan-6e-promotion-de-linstitut-dexcellence\/#breadcrumb\"},\"inLanguage\":\"fr-FR\",\"potentialAction\":[{\"@type\":\"ReadAction\",\"target\":[\"https:\/\/fracs.aero\/fr\/2024\/06\/21\/bravo-a-la-promotion-aline-pillan-6e-promotion-de-linstitut-dexcellence\/\"]}]},{\"@type\":\"ImageObject\",\"inLanguage\":\"fr-FR\",\"@id\":\"https:\/\/fracs.aero\/fr\/2024\/06\/21\/bravo-a-la-promotion-aline-pillan-6e-promotion-de-linstitut-dexcellence\/#primaryimage\",\"url\":\"https:\/\/fracs.aero\/wp-content\/uploads\/2024\/06\/expert-ID.jpg\",\"contentUrl\":\"https:\/\/fracs.aero\/wp-content\/uploads\/2024\/06\/expert-ID.jpg\",\"width\":908,\"height\":470},{\"@type\":\"BreadcrumbList\",\"@id\":\"https:\/\/fracs.aero\/fr\/2024\/06\/21\/bravo-a-la-promotion-aline-pillan-6e-promotion-de-linstitut-dexcellence\/#breadcrumb\",\"itemListElement\":[{\"@type\":\"ListItem\",\"position\":1,\"name\":\"Home\",\"item\":\"https:\/\/fracs.aero\/fr\/\"},{\"@type\":\"ListItem\",\"position\":2,\"name\":\"Bravo \u00e0 la promotion Aline PILLAN, 6e promotion de l\u2019Institut d\u2019Excellence\"}]},{\"@type\":\"WebSite\",\"@id\":\"https:\/\/fracs.aero\/fr\/#website\",\"url\":\"https:\/\/fracs.aero\/fr\/\",\"name\":\"France Aviation Civile Services\",\"description\":\"France Aviation Civile Services\",\"publisher\":{\"@id\":\"https:\/\/fracs.aero\/fr\/#organization\"},\"potentialAction\":[{\"@type\":\"SearchAction\",\"target\":{\"@type\":\"EntryPoint\",\"urlTemplate\":\"https:\/\/fracs.aero\/fr\/?s={search_term_string}\"},\"query-input\":{\"@type\":\"PropertyValueSpecification\",\"valueRequired\":true,\"valueName\":\"search_term_string\"}}],\"inLanguage\":\"fr-FR\"},{\"@type\":\"Organization\",\"@id\":\"https:\/\/fracs.aero\/fr\/#organization\",\"name\":\"France Aviation Civile Services\",\"url\":\"https:\/\/fracs.aero\/fr\/\",\"logo\":{\"@type\":\"ImageObject\",\"inLanguage\":\"fr-FR\",\"@id\":\"https:\/\/fracs.aero\/fr\/#\/schema\/logo\/image\/\",\"url\":\"https:\/\/fracs.aero\/wp-content\/uploads\/2019\/08\/FRACS-for-web-1.png\",\"contentUrl\":\"https:\/\/fracs.aero\/wp-content\/uploads\/2019\/08\/FRACS-for-web-1.png\",\"width\":340,\"height\":156,\"caption\":\"France Aviation Civile Services\"},\"image\":{\"@id\":\"https:\/\/fracs.aero\/fr\/#\/schema\/logo\/image\/\"},\"sameAs\":[\"https:\/\/x.com\/fracsaero\",\"https:\/\/www.linkedin.com\/company\/fracs\/\"]},{\"@type\":\"Person\",\"@id\":\"https:\/\/fracs.aero\/fr\/#\/schema\/person\/3222c26523ed0e5e952220f697e48267\",\"name\":\"admin_c4com\",\"image\":{\"@type\":\"ImageObject\",\"inLanguage\":\"fr-FR\",\"@id\":\"https:\/\/fracs.aero\/fr\/#\/schema\/person\/image\/\",\"url\":\"https:\/\/secure.gravatar.com\/avatar\/57dfc6b92119c0d9c4ea846b9365edd591c6c8ab72c7637242b68295f8b6eb36?s=96&d=mm&r=g\",\"contentUrl\":\"https:\/\/secure.gravatar.com\/avatar\/57dfc6b92119c0d9c4ea846b9365edd591c6c8ab72c7637242b68295f8b6eb36?s=96&d=mm&r=g\",\"caption\":\"admin_c4com\"},\"url\":\"https:\/\/fracs.aero\/fr\/author\/admin_c4com\/\"}]}<\/script>\n<!-- \/ Yoast SEO plugin. -->","yoast_head_json":{"title":"Bravo \u00e0 la promotion Aline PILLAN, 6e promotion de l\u2019Institut d\u2019Excellence - France Aviation Civile Services","robots":{"index":"index","follow":"follow","max-snippet":"max-snippet:-1","max-image-preview":"max-image-preview:large","max-video-preview":"max-video-preview:-1"},"canonical":"https:\/\/fracs.aero\/fr\/2024\/06\/21\/bravo-a-la-promotion-aline-pillan-6e-promotion-de-linstitut-dexcellence\/","og_locale":"fr_FR","og_type":"article","og_title":"Bravo \u00e0 la promotion Aline PILLAN, 6e promotion de l\u2019Institut d\u2019Excellence - France Aviation Civile Services","og_description":"Pour la sixi\u00e8me ann\u00e9e cons\u00e9cutive, toute l\u2019\u00e9quipe de France Aviation Civile Services (FRACS) a eu le plaisir d\u2019accueillir ses futurs experts lors de la formation Institut d\u2019Excellence (ID). Cette formation dispens\u00e9e en pr\u00e9sentiel \u00e0 Toulouse dans les locaux de l\u2019\u00c9cole Nationale de l\u2019Aviation Civile (ENAC) a pour vocation de pr\u00e9parer experts et futurs experts au [&hellip;]","og_url":"https:\/\/fracs.aero\/fr\/2024\/06\/21\/bravo-a-la-promotion-aline-pillan-6e-promotion-de-linstitut-dexcellence\/","og_site_name":"France Aviation Civile Services","article_published_time":"2024-06-21T13:17:32+00:00","article_modified_time":"2024-06-21T13:17:36+00:00","og_image":[{"width":908,"height":470,"url":"https:\/\/fracs.aero\/wp-content\/uploads\/2024\/06\/expert-ID.jpg","type":"image\/jpeg"}],"author":"admin_c4com","twitter_card":"summary_large_image","twitter_creator":"@fracsaero","twitter_site":"@fracsaero","twitter_misc":{"\u00c9crit par":"admin_c4com","Dur\u00e9e de lecture estim\u00e9e":"2 minutes"},"schema":{"@context":"https:\/\/schema.org","@graph":[{"@type":"Article","@id":"https:\/\/fracs.aero\/fr\/2024\/06\/21\/bravo-a-la-promotion-aline-pillan-6e-promotion-de-linstitut-dexcellence\/#article","isPartOf":{"@id":"https:\/\/fracs.aero\/fr\/2024\/06\/21\/bravo-a-la-promotion-aline-pillan-6e-promotion-de-linstitut-dexcellence\/"},"author":{"name":"admin_c4com","@id":"https:\/\/fracs.aero\/fr\/#\/schema\/person\/3222c26523ed0e5e952220f697e48267"},"headline":"Bravo \u00e0 la promotion Aline PILLAN, 6e promotion de l\u2019Institut d\u2019Excellence","datePublished":"2024-06-21T13:17:32+00:00","dateModified":"2024-06-21T13:17:36+00:00","mainEntityOfPage":{"@id":"https:\/\/fracs.aero\/fr\/2024\/06\/21\/bravo-a-la-promotion-aline-pillan-6e-promotion-de-linstitut-dexcellence\/"},"wordCount":455,"publisher":{"@id":"https:\/\/fracs.aero\/fr\/#organization"},"image":{"@id":"https:\/\/fracs.aero\/fr\/2024\/06\/21\/bravo-a-la-promotion-aline-pillan-6e-promotion-de-linstitut-dexcellence\/#primaryimage"},"thumbnailUrl":"https:\/\/fracs.aero\/wp-content\/uploads\/2024\/06\/expert-ID.jpg","articleSection":["NOUVELLES AUX EXPERTS"],"inLanguage":"fr-FR"},{"@type":"WebPage","@id":"https:\/\/fracs.aero\/fr\/2024\/06\/21\/bravo-a-la-promotion-aline-pillan-6e-promotion-de-linstitut-dexcellence\/","url":"https:\/\/fracs.aero\/fr\/2024\/06\/21\/bravo-a-la-promotion-aline-pillan-6e-promotion-de-linstitut-dexcellence\/","name":"Bravo \u00e0 la promotion Aline PILLAN, 6e promotion de l\u2019Institut d\u2019Excellence - France Aviation Civile Services","isPartOf":{"@id":"https:\/\/fracs.aero\/fr\/#website"},"primaryImageOfPage":{"@id":"https:\/\/fracs.aero\/fr\/2024\/06\/21\/bravo-a-la-promotion-aline-pillan-6e-promotion-de-linstitut-dexcellence\/#primaryimage"},"image":{"@id":"https:\/\/fracs.aero\/fr\/2024\/06\/21\/bravo-a-la-promotion-aline-pillan-6e-promotion-de-linstitut-dexcellence\/#primaryimage"},"thumbnailUrl":"https:\/\/fracs.aero\/wp-content\/uploads\/2024\/06\/expert-ID.jpg","datePublished":"2024-06-21T13:17:32+00:00","dateModified":"2024-06-21T13:17:36+00:00","breadcrumb":{"@id":"https:\/\/fracs.aero\/fr\/2024\/06\/21\/bravo-a-la-promotion-aline-pillan-6e-promotion-de-linstitut-dexcellence\/#breadcrumb"},"inLanguage":"fr-FR","potentialAction":[{"@type":"ReadAction","target":["https:\/\/fracs.aero\/fr\/2024\/06\/21\/bravo-a-la-promotion-aline-pillan-6e-promotion-de-linstitut-dexcellence\/"]}]},{"@type":"ImageObject","inLanguage":"fr-FR","@id":"https:\/\/fracs.aero\/fr\/2024\/06\/21\/bravo-a-la-promotion-aline-pillan-6e-promotion-de-linstitut-dexcellence\/#primaryimage","url":"https:\/\/fracs.aero\/wp-content\/uploads\/2024\/06\/expert-ID.jpg","contentUrl":"https:\/\/fracs.aero\/wp-content\/uploads\/2024\/06\/expert-ID.jpg","width":908,"height":470},{"@type":"BreadcrumbList","@id":"https:\/\/fracs.aero\/fr\/2024\/06\/21\/bravo-a-la-promotion-aline-pillan-6e-promotion-de-linstitut-dexcellence\/#breadcrumb","itemListElement":[{"@type":"ListItem","position":1,"name":"Home","item":"https:\/\/fracs.aero\/fr\/"},{"@type":"ListItem","position":2,"name":"Bravo \u00e0 la promotion Aline PILLAN, 6e promotion de l\u2019Institut d\u2019Excellence"}]},{"@type":"WebSite","@id":"https:\/\/fracs.aero\/fr\/#website","url":"https:\/\/fracs.aero\/fr\/","name":"France Aviation Civile Services","description":"France Aviation Civile Services","publisher":{"@id":"https:\/\/fracs.aero\/fr\/#organization"},"potentialAction":[{"@type":"SearchAction","target":{"@type":"EntryPoint","urlTemplate":"https:\/\/fracs.aero\/fr\/?s={search_term_string}"},"query-input":{"@type":"PropertyValueSpecification","valueRequired":true,"valueName":"search_term_string"}}],"inLanguage":"fr-FR"},{"@type":"Organization","@id":"https:\/\/fracs.aero\/fr\/#organization","name":"France Aviation Civile Services","url":"https:\/\/fracs.aero\/fr\/","logo":{"@type":"ImageObject","inLanguage":"fr-FR","@id":"https:\/\/fracs.aero\/fr\/#\/schema\/logo\/image\/","url":"https:\/\/fracs.aero\/wp-content\/uploads\/2019\/08\/FRACS-for-web-1.png","contentUrl":"https:\/\/fracs.aero\/wp-content\/uploads\/2019\/08\/FRACS-for-web-1.png","width":340,"height":156,"caption":"France Aviation Civile Services"},"image":{"@id":"https:\/\/fracs.aero\/fr\/#\/schema\/logo\/image\/"},"sameAs":["https:\/\/x.com\/fracsaero","https:\/\/www.linkedin.com\/company\/fracs\/"]},{"@type":"Person","@id":"https:\/\/fracs.aero\/fr\/#\/schema\/person\/3222c26523ed0e5e952220f697e48267","name":"admin_c4com","image":{"@type":"ImageObject","inLanguage":"fr-FR","@id":"https:\/\/fracs.aero\/fr\/#\/schema\/person\/image\/","url":"https:\/\/secure.gravatar.com\/avatar\/57dfc6b92119c0d9c4ea846b9365edd591c6c8ab72c7637242b68295f8b6eb36?s=96&d=mm&r=g","contentUrl":"https:\/\/secure.gravatar.com\/avatar\/57dfc6b92119c0d9c4ea846b9365edd591c6c8ab72c7637242b68295f8b6eb36?s=96&d=mm&r=g","caption":"admin_c4com"},"url":"https:\/\/fracs.aero\/fr\/author\/admin_c4com\/"}]}},"_links":{"self":[{"href":"https:\/\/fracs.aero\/fr\/wp-json\/wp\/v2\/posts\/5779","targetHints":{"allow":["GET"]}}],"collection":[{"href":"https:\/\/fracs.aero\/fr\/wp-json\/wp\/v2\/posts"}],"about":[{"href":"https:\/\/fracs.aero\/fr\/wp-json\/wp\/v2\/types\/post"}],"author":[{"embeddable":true,"href":"https:\/\/fracs.aero\/fr\/wp-json\/wp\/v2\/users\/1"}],"replies":[{"embeddable":true,"href":"https:\/\/fracs.aero\/fr\/wp-json\/wp\/v2\/comments?post=5779"}],"version-history":[{"count":1,"href":"https:\/\/fracs.aero\/fr\/wp-json\/wp\/v2\/posts\/5779\/revisions"}],"predecessor-version":[{"id":5782,"href":"https:\/\/fracs.aero\/fr\/wp-json\/wp\/v2\/posts\/5779\/revisions\/5782"}],"wp:featuredmedia":[{"embeddable":true,"href":"https:\/\/fracs.aero\/fr\/wp-json\/wp\/v2\/media\/5780"}],"wp:attachment":[{"href":"https:\/\/fracs.aero\/fr\/wp-json\/wp\/v2\/media?parent=5779"}],"wp:term":[{"taxonomy":"category","embeddable":true,"href":"https:\/\/fracs.aero\/fr\/wp-json\/wp\/v2\/categories?post=5779"},{"taxonomy":"post_tag","embeddable":true,"href":"https:\/\/fracs.aero\/fr\/wp-json\/wp\/v2\/tags?post=5779"}],"curies":[{"name":"wp","href":"https:\/\/api.w.org\/{rel}","templated":true}]}}