{"id":753,"date":"2018-03-23T09:25:08","date_gmt":"2018-03-23T14:25:08","guid":{"rendered":"https:\/\/fracs.aero\/\/2018\/07\/17\/decouvrez-le-nouvel-espace-aerien-du-soudan\/"},"modified":"2024-10-22T23:06:29","modified_gmt":"2024-10-22T21:06:29","slug":"decouvrez-le-nouvel-espace-aerien-du-soudan","status":"publish","type":"post","link":"https:\/\/fracs.aero\/fr\/2018\/03\/23\/decouvrez-le-nouvel-espace-aerien-du-soudan\/","title":{"rendered":"D\u00e9couvrez le nouvel espace a\u00e9rien du Soudan!"},"content":{"rendered":"<p><strong>L\u2019aviation civile soudanaise \u2013 SCAA, avec DSNA Services et CGX AERO, est heureuse de vous pr\u00e9senter son nouvel espace a\u00e9rien. Apr\u00e8s deux ans de d\u00e9veloppement, le dernier atelier de sensibilisation r\u00e9unissant toutes les parties prenantes s\u2019est tenu du 8 au 10 janvier \u00e0 Khartoum, au Soudan. Sous le haut patronage du ministre de la d\u00e9fense et en pr\u00e9sence des ambassadeurs de France et de Jordanie au Soudan, plus de 100 repr\u00e9sentants a\u00e9ronautiques internationaux ont d\u00e9couvert ce nouveau ciel. Un ciel plus s\u00fbr, plus efficient et respectueux de l\u2019environnement, qui r\u00e9pond aux attentes des compagnies a\u00e9riennes.<\/strong><\/p>\n<p>En 2016, SCAA pr\u00e9sentait sa vision d\u2019un espace a\u00e9rien plus s\u00fbr, plus efficient pour l\u2019\u00e9conomie et l\u2019environnement. Cette ambition r\u00e9pondait aux besoins d\u2019une croissance du trafic a\u00e9rien africain exponentielle et aux perspectives \u00e9conomiques de la r\u00e9gion. Des routes plus performantes sont particuli\u00e8rement attractives!<\/p>\n<p>En coop\u00e9ration \u00e9troite avec les organisations internationales (OACI, IATA et CANSO), avec les pays voisins, les compagnies a\u00e9riennes et les militaires, SCAA accompagn\u00e9 par DSNA Services et CGX AERO a con\u00e7u un ciel innovant et efficient.<\/p>\n<p>Ce nouvel espace a\u00e9rien compte 42 nouvelles routes RNAV, dont 12 unidirectionnelles, permettant d\u2019\u00e9conomiser des milliers de miles par jour. Ceci permet une baisse des \u00e9missions de gaz et g\u00e9n\u00e8re des \u00e9conomies significatives pour les acteurs a\u00e9ronautiques, en particulier les compagnies a\u00e9riennes.<\/p>\n<p>La prochaine \u00e9tape pour SCAA sera la consolidation du r\u00e9seau conventionnel et la poursuite de la mise en \u0153uvre de concepts innovants.<\/p>\n<p>Avec la mise en place de ce nouvel espace, le Soudan deviendra le premier pays africain \u00e0 d\u00e9ployer la \u00ab\u00a0Free route\u00a0\u00bb.<\/p>\n<p>Pour le ministre soudanais de la D\u00e9fense, Lt. G\u00e9n. Awad Mohamed Ahmed Ibin Oaf, \u00ab\u00a0c\u2019est un honneur de devenir le premier pays de la r\u00e9gion \u00e0 restructurer notre espace en ligne avec les exigences op\u00e9rationnelles modernes\u00a0\u00bb.<\/p>\n<p>Madame l\u2019Ambassadrice de France au Soudan, Emmanuelle Blatmann, a salu\u00e9 cette \u00ab\u00a0coop\u00e9ration cl\u00e9 pour la s\u00e9curit\u00e9 de l\u2019aviation au Soudan\u00a0\u00bb.<\/p>\n<p>Le directeur g\u00e9n\u00e9ral de SCAA, Captain Bajouri, est \u00ab\u00a0reconnaissant envers ses partenaires fran\u00e7ais CGX AERO et DSNA Services, qui ont tout mis en \u0153uvre pour nous accompagner dans les op\u00e9rations techniques\u00a0\u00bb.<\/p>\n<p>Pour IATA, repr\u00e9sent\u00e9e par Lindi-Lee Kirkman,\u00a0<em>Manager Safety and Flight Operations Africa<\/em>, \u00ab\u00a0la nouvelle structure de route PBN offre aux compagnies a\u00e9riennes beaucoup d\u2019opportunit\u00e9s pour am\u00e9liorer leur efficience op\u00e9rationnelle dans la FIR de Khartoum. Nous sommes ravis d\u2019avoir contribu\u00e9 \u00e0 cet ambitieux projet et impatients de voler sur ces nouvelles routes\u00a0 \u00bb<\/p>\n<p>Pour Ethiopian Airlines, Moges Abara,\u00a0<em>Flight dispatch and Navigation manager<\/em>, \u00ab\u00a0le nouvel espace a\u00e9rien d\u00e9passe nos attentes\u00a0\u00bb.<\/p>\n<p>DSNA Services est honor\u00e9 d\u2019avoir accompagn\u00e9 SCAA dans ce projet ambitieux et exigeant!<\/p>\n","protected":false},"excerpt":{"rendered":"<p>L\u2019aviation civile soudanaise \u2013 SCAA, avec DSNA Services et CGX AERO, est heureuse de vous pr\u00e9senter son nouvel espace a\u00e9rien. Apr\u00e8s deux ans de d\u00e9veloppement, le dernier atelier de sensibilisation r\u00e9unissant toutes les parties prenantes s\u2019est tenu du 8 au 10 janvier \u00e0 Khartoum, au Soudan. Sous le haut patronage du ministre de la d\u00e9fense [&hellip;]<\/p>\n","protected":false},"author":1,"featured_media":371,"comment_status":"closed","ping_status":"closed","sticky":false,"template":"","format":"standard","meta":{"cybocfi_hide_featured_image":"","footnotes":""},"categories":[25],"tags":[24],"class_list":["post-753","post","type-post","status-publish","format-standard","has-post-thumbnail","hentry","category-actualites","tag-optimisation-des-operations"],"yoast_head":"<!-- This site is optimized with the Yoast SEO plugin v26.6 - https:\/\/yoast.com\/wordpress\/plugins\/seo\/ -->\n<title>D\u00e9couvrez le nouvel espace a\u00e9rien du Soudan! - France Aviation Civile Services<\/title>\n<meta name=\"robots\" content=\"index, follow, max-snippet:-1, max-image-preview:large, max-video-preview:-1\" \/>\n<link rel=\"canonical\" href=\"https:\/\/fracs.aero\/fr\/2018\/03\/23\/decouvrez-le-nouvel-espace-aerien-du-soudan\/\" \/>\n<meta property=\"og:locale\" content=\"fr_FR\" \/>\n<meta property=\"og:type\" content=\"article\" \/>\n<meta property=\"og:title\" content=\"D\u00e9couvrez le nouvel espace a\u00e9rien du Soudan! - France Aviation Civile Services\" \/>\n<meta property=\"og:description\" content=\"L\u2019aviation civile soudanaise \u2013 SCAA, avec DSNA Services et CGX AERO, est heureuse de vous pr\u00e9senter son nouvel espace a\u00e9rien. Apr\u00e8s deux ans de d\u00e9veloppement, le dernier atelier de sensibilisation r\u00e9unissant toutes les parties prenantes s\u2019est tenu du 8 au 10 janvier \u00e0 Khartoum, au Soudan. Sous le haut patronage du ministre de la d\u00e9fense [&hellip;]\" \/>\n<meta property=\"og:url\" content=\"https:\/\/fracs.aero\/fr\/2018\/03\/23\/decouvrez-le-nouvel-espace-aerien-du-soudan\/\" \/>\n<meta property=\"og:site_name\" content=\"France Aviation Civile Services\" \/>\n<meta property=\"article:published_time\" content=\"2018-03-23T14:25:08+00:00\" \/>\n<meta property=\"article:modified_time\" content=\"2024-10-22T21:06:29+00:00\" \/>\n<meta property=\"og:image\" content=\"https:\/\/fracs.aero\/wp-content\/uploads\/2018\/07\/soudan-mars-2-web2.jpg\" \/>\n\t<meta property=\"og:image:width\" content=\"705\" \/>\n\t<meta property=\"og:image:height\" content=\"300\" \/>\n\t<meta property=\"og:image:type\" content=\"image\/jpeg\" \/>\n<meta name=\"author\" content=\"admin_c4com\" \/>\n<meta name=\"twitter:card\" content=\"summary_large_image\" \/>\n<meta name=\"twitter:creator\" content=\"@fracsaero\" \/>\n<meta name=\"twitter:site\" content=\"@fracsaero\" \/>\n<meta name=\"twitter:label1\" content=\"\u00c9crit par\" \/>\n\t<meta name=\"twitter:data1\" content=\"admin_c4com\" \/>\n\t<meta name=\"twitter:label2\" content=\"Dur\u00e9e de lecture estim\u00e9e\" \/>\n\t<meta name=\"twitter:data2\" content=\"2 minutes\" \/>\n<script type=\"application\/ld+json\" class=\"yoast-schema-graph\">{\"@context\":\"https:\/\/schema.org\",\"@graph\":[{\"@type\":\"Article\",\"@id\":\"https:\/\/fracs.aero\/fr\/2018\/03\/23\/decouvrez-le-nouvel-espace-aerien-du-soudan\/#article\",\"isPartOf\":{\"@id\":\"https:\/\/fracs.aero\/fr\/2018\/03\/23\/decouvrez-le-nouvel-espace-aerien-du-soudan\/\"},\"author\":{\"name\":\"admin_c4com\",\"@id\":\"https:\/\/fracs.aero\/fr\/#\/schema\/person\/3222c26523ed0e5e952220f697e48267\"},\"headline\":\"D\u00e9couvrez le nouvel espace a\u00e9rien du Soudan!\",\"datePublished\":\"2018-03-23T14:25:08+00:00\",\"dateModified\":\"2024-10-22T21:06:29+00:00\",\"mainEntityOfPage\":{\"@id\":\"https:\/\/fracs.aero\/fr\/2018\/03\/23\/decouvrez-le-nouvel-espace-aerien-du-soudan\/\"},\"wordCount\":487,\"publisher\":{\"@id\":\"https:\/\/fracs.aero\/fr\/#organization\"},\"image\":{\"@id\":\"https:\/\/fracs.aero\/fr\/2018\/03\/23\/decouvrez-le-nouvel-espace-aerien-du-soudan\/#primaryimage\"},\"thumbnailUrl\":\"https:\/\/fracs.aero\/wp-content\/uploads\/2018\/07\/soudan-mars-2-web2.jpg\",\"keywords\":[\"OPTIMISATION DES OP\u00c9RATIONS\"],\"articleSection\":[\"ACTUALIT\u00c9S\"],\"inLanguage\":\"fr-FR\"},{\"@type\":\"WebPage\",\"@id\":\"https:\/\/fracs.aero\/fr\/2018\/03\/23\/decouvrez-le-nouvel-espace-aerien-du-soudan\/\",\"url\":\"https:\/\/fracs.aero\/fr\/2018\/03\/23\/decouvrez-le-nouvel-espace-aerien-du-soudan\/\",\"name\":\"D\u00e9couvrez le nouvel espace a\u00e9rien du Soudan! - France Aviation Civile Services\",\"isPartOf\":{\"@id\":\"https:\/\/fracs.aero\/fr\/#website\"},\"primaryImageOfPage\":{\"@id\":\"https:\/\/fracs.aero\/fr\/2018\/03\/23\/decouvrez-le-nouvel-espace-aerien-du-soudan\/#primaryimage\"},\"image\":{\"@id\":\"https:\/\/fracs.aero\/fr\/2018\/03\/23\/decouvrez-le-nouvel-espace-aerien-du-soudan\/#primaryimage\"},\"thumbnailUrl\":\"https:\/\/fracs.aero\/wp-content\/uploads\/2018\/07\/soudan-mars-2-web2.jpg\",\"datePublished\":\"2018-03-23T14:25:08+00:00\",\"dateModified\":\"2024-10-22T21:06:29+00:00\",\"breadcrumb\":{\"@id\":\"https:\/\/fracs.aero\/fr\/2018\/03\/23\/decouvrez-le-nouvel-espace-aerien-du-soudan\/#breadcrumb\"},\"inLanguage\":\"fr-FR\",\"potentialAction\":[{\"@type\":\"ReadAction\",\"target\":[\"https:\/\/fracs.aero\/fr\/2018\/03\/23\/decouvrez-le-nouvel-espace-aerien-du-soudan\/\"]}]},{\"@type\":\"ImageObject\",\"inLanguage\":\"fr-FR\",\"@id\":\"https:\/\/fracs.aero\/fr\/2018\/03\/23\/decouvrez-le-nouvel-espace-aerien-du-soudan\/#primaryimage\",\"url\":\"https:\/\/fracs.aero\/wp-content\/uploads\/2018\/07\/soudan-mars-2-web2.jpg\",\"contentUrl\":\"https:\/\/fracs.aero\/wp-content\/uploads\/2018\/07\/soudan-mars-2-web2.jpg\",\"width\":705,\"height\":300},{\"@type\":\"BreadcrumbList\",\"@id\":\"https:\/\/fracs.aero\/fr\/2018\/03\/23\/decouvrez-le-nouvel-espace-aerien-du-soudan\/#breadcrumb\",\"itemListElement\":[{\"@type\":\"ListItem\",\"position\":1,\"name\":\"Home\",\"item\":\"https:\/\/fracs.aero\/fr\/\"},{\"@type\":\"ListItem\",\"position\":2,\"name\":\"D\u00e9couvrez le nouvel espace a\u00e9rien du Soudan!\"}]},{\"@type\":\"WebSite\",\"@id\":\"https:\/\/fracs.aero\/fr\/#website\",\"url\":\"https:\/\/fracs.aero\/fr\/\",\"name\":\"France Aviation Civile Services\",\"description\":\"France Aviation Civile Services\",\"publisher\":{\"@id\":\"https:\/\/fracs.aero\/fr\/#organization\"},\"potentialAction\":[{\"@type\":\"SearchAction\",\"target\":{\"@type\":\"EntryPoint\",\"urlTemplate\":\"https:\/\/fracs.aero\/fr\/?s={search_term_string}\"},\"query-input\":{\"@type\":\"PropertyValueSpecification\",\"valueRequired\":true,\"valueName\":\"search_term_string\"}}],\"inLanguage\":\"fr-FR\"},{\"@type\":\"Organization\",\"@id\":\"https:\/\/fracs.aero\/fr\/#organization\",\"name\":\"France Aviation Civile Services\",\"url\":\"https:\/\/fracs.aero\/fr\/\",\"logo\":{\"@type\":\"ImageObject\",\"inLanguage\":\"fr-FR\",\"@id\":\"https:\/\/fracs.aero\/fr\/#\/schema\/logo\/image\/\",\"url\":\"https:\/\/fracs.aero\/wp-content\/uploads\/2019\/08\/FRACS-for-web-1.png\",\"contentUrl\":\"https:\/\/fracs.aero\/wp-content\/uploads\/2019\/08\/FRACS-for-web-1.png\",\"width\":340,\"height\":156,\"caption\":\"France Aviation Civile Services\"},\"image\":{\"@id\":\"https:\/\/fracs.aero\/fr\/#\/schema\/logo\/image\/\"},\"sameAs\":[\"https:\/\/x.com\/fracsaero\",\"https:\/\/www.linkedin.com\/company\/fracs\/\"]},{\"@type\":\"Person\",\"@id\":\"https:\/\/fracs.aero\/fr\/#\/schema\/person\/3222c26523ed0e5e952220f697e48267\",\"name\":\"admin_c4com\",\"image\":{\"@type\":\"ImageObject\",\"inLanguage\":\"fr-FR\",\"@id\":\"https:\/\/fracs.aero\/fr\/#\/schema\/person\/image\/\",\"url\":\"https:\/\/secure.gravatar.com\/avatar\/57dfc6b92119c0d9c4ea846b9365edd591c6c8ab72c7637242b68295f8b6eb36?s=96&d=mm&r=g\",\"contentUrl\":\"https:\/\/secure.gravatar.com\/avatar\/57dfc6b92119c0d9c4ea846b9365edd591c6c8ab72c7637242b68295f8b6eb36?s=96&d=mm&r=g\",\"caption\":\"admin_c4com\"},\"url\":\"https:\/\/fracs.aero\/fr\/author\/admin_c4com\/\"}]}<\/script>\n<!-- \/ Yoast SEO plugin. -->","yoast_head_json":{"title":"D\u00e9couvrez le nouvel espace a\u00e9rien du Soudan! - France Aviation Civile Services","robots":{"index":"index","follow":"follow","max-snippet":"max-snippet:-1","max-image-preview":"max-image-preview:large","max-video-preview":"max-video-preview:-1"},"canonical":"https:\/\/fracs.aero\/fr\/2018\/03\/23\/decouvrez-le-nouvel-espace-aerien-du-soudan\/","og_locale":"fr_FR","og_type":"article","og_title":"D\u00e9couvrez le nouvel espace a\u00e9rien du Soudan! - France Aviation Civile Services","og_description":"L\u2019aviation civile soudanaise \u2013 SCAA, avec DSNA Services et CGX AERO, est heureuse de vous pr\u00e9senter son nouvel espace a\u00e9rien. Apr\u00e8s deux ans de d\u00e9veloppement, le dernier atelier de sensibilisation r\u00e9unissant toutes les parties prenantes s\u2019est tenu du 8 au 10 janvier \u00e0 Khartoum, au Soudan. Sous le haut patronage du ministre de la d\u00e9fense [&hellip;]","og_url":"https:\/\/fracs.aero\/fr\/2018\/03\/23\/decouvrez-le-nouvel-espace-aerien-du-soudan\/","og_site_name":"France Aviation Civile Services","article_published_time":"2018-03-23T14:25:08+00:00","article_modified_time":"2024-10-22T21:06:29+00:00","og_image":[{"width":705,"height":300,"url":"https:\/\/fracs.aero\/wp-content\/uploads\/2018\/07\/soudan-mars-2-web2.jpg","type":"image\/jpeg"}],"author":"admin_c4com","twitter_card":"summary_large_image","twitter_creator":"@fracsaero","twitter_site":"@fracsaero","twitter_misc":{"\u00c9crit par":"admin_c4com","Dur\u00e9e de lecture estim\u00e9e":"2 minutes"},"schema":{"@context":"https:\/\/schema.org","@graph":[{"@type":"Article","@id":"https:\/\/fracs.aero\/fr\/2018\/03\/23\/decouvrez-le-nouvel-espace-aerien-du-soudan\/#article","isPartOf":{"@id":"https:\/\/fracs.aero\/fr\/2018\/03\/23\/decouvrez-le-nouvel-espace-aerien-du-soudan\/"},"author":{"name":"admin_c4com","@id":"https:\/\/fracs.aero\/fr\/#\/schema\/person\/3222c26523ed0e5e952220f697e48267"},"headline":"D\u00e9couvrez le nouvel espace a\u00e9rien du Soudan!","datePublished":"2018-03-23T14:25:08+00:00","dateModified":"2024-10-22T21:06:29+00:00","mainEntityOfPage":{"@id":"https:\/\/fracs.aero\/fr\/2018\/03\/23\/decouvrez-le-nouvel-espace-aerien-du-soudan\/"},"wordCount":487,"publisher":{"@id":"https:\/\/fracs.aero\/fr\/#organization"},"image":{"@id":"https:\/\/fracs.aero\/fr\/2018\/03\/23\/decouvrez-le-nouvel-espace-aerien-du-soudan\/#primaryimage"},"thumbnailUrl":"https:\/\/fracs.aero\/wp-content\/uploads\/2018\/07\/soudan-mars-2-web2.jpg","keywords":["OPTIMISATION DES OP\u00c9RATIONS"],"articleSection":["ACTUALIT\u00c9S"],"inLanguage":"fr-FR"},{"@type":"WebPage","@id":"https:\/\/fracs.aero\/fr\/2018\/03\/23\/decouvrez-le-nouvel-espace-aerien-du-soudan\/","url":"https:\/\/fracs.aero\/fr\/2018\/03\/23\/decouvrez-le-nouvel-espace-aerien-du-soudan\/","name":"D\u00e9couvrez le nouvel espace a\u00e9rien du Soudan! - France Aviation Civile Services","isPartOf":{"@id":"https:\/\/fracs.aero\/fr\/#website"},"primaryImageOfPage":{"@id":"https:\/\/fracs.aero\/fr\/2018\/03\/23\/decouvrez-le-nouvel-espace-aerien-du-soudan\/#primaryimage"},"image":{"@id":"https:\/\/fracs.aero\/fr\/2018\/03\/23\/decouvrez-le-nouvel-espace-aerien-du-soudan\/#primaryimage"},"thumbnailUrl":"https:\/\/fracs.aero\/wp-content\/uploads\/2018\/07\/soudan-mars-2-web2.jpg","datePublished":"2018-03-23T14:25:08+00:00","dateModified":"2024-10-22T21:06:29+00:00","breadcrumb":{"@id":"https:\/\/fracs.aero\/fr\/2018\/03\/23\/decouvrez-le-nouvel-espace-aerien-du-soudan\/#breadcrumb"},"inLanguage":"fr-FR","potentialAction":[{"@type":"ReadAction","target":["https:\/\/fracs.aero\/fr\/2018\/03\/23\/decouvrez-le-nouvel-espace-aerien-du-soudan\/"]}]},{"@type":"ImageObject","inLanguage":"fr-FR","@id":"https:\/\/fracs.aero\/fr\/2018\/03\/23\/decouvrez-le-nouvel-espace-aerien-du-soudan\/#primaryimage","url":"https:\/\/fracs.aero\/wp-content\/uploads\/2018\/07\/soudan-mars-2-web2.jpg","contentUrl":"https:\/\/fracs.aero\/wp-content\/uploads\/2018\/07\/soudan-mars-2-web2.jpg","width":705,"height":300},{"@type":"BreadcrumbList","@id":"https:\/\/fracs.aero\/fr\/2018\/03\/23\/decouvrez-le-nouvel-espace-aerien-du-soudan\/#breadcrumb","itemListElement":[{"@type":"ListItem","position":1,"name":"Home","item":"https:\/\/fracs.aero\/fr\/"},{"@type":"ListItem","position":2,"name":"D\u00e9couvrez le nouvel espace a\u00e9rien du Soudan!"}]},{"@type":"WebSite","@id":"https:\/\/fracs.aero\/fr\/#website","url":"https:\/\/fracs.aero\/fr\/","name":"France Aviation Civile Services","description":"France Aviation Civile Services","publisher":{"@id":"https:\/\/fracs.aero\/fr\/#organization"},"potentialAction":[{"@type":"SearchAction","target":{"@type":"EntryPoint","urlTemplate":"https:\/\/fracs.aero\/fr\/?s={search_term_string}"},"query-input":{"@type":"PropertyValueSpecification","valueRequired":true,"valueName":"search_term_string"}}],"inLanguage":"fr-FR"},{"@type":"Organization","@id":"https:\/\/fracs.aero\/fr\/#organization","name":"France Aviation Civile Services","url":"https:\/\/fracs.aero\/fr\/","logo":{"@type":"ImageObject","inLanguage":"fr-FR","@id":"https:\/\/fracs.aero\/fr\/#\/schema\/logo\/image\/","url":"https:\/\/fracs.aero\/wp-content\/uploads\/2019\/08\/FRACS-for-web-1.png","contentUrl":"https:\/\/fracs.aero\/wp-content\/uploads\/2019\/08\/FRACS-for-web-1.png","width":340,"height":156,"caption":"France Aviation Civile Services"},"image":{"@id":"https:\/\/fracs.aero\/fr\/#\/schema\/logo\/image\/"},"sameAs":["https:\/\/x.com\/fracsaero","https:\/\/www.linkedin.com\/company\/fracs\/"]},{"@type":"Person","@id":"https:\/\/fracs.aero\/fr\/#\/schema\/person\/3222c26523ed0e5e952220f697e48267","name":"admin_c4com","image":{"@type":"ImageObject","inLanguage":"fr-FR","@id":"https:\/\/fracs.aero\/fr\/#\/schema\/person\/image\/","url":"https:\/\/secure.gravatar.com\/avatar\/57dfc6b92119c0d9c4ea846b9365edd591c6c8ab72c7637242b68295f8b6eb36?s=96&d=mm&r=g","contentUrl":"https:\/\/secure.gravatar.com\/avatar\/57dfc6b92119c0d9c4ea846b9365edd591c6c8ab72c7637242b68295f8b6eb36?s=96&d=mm&r=g","caption":"admin_c4com"},"url":"https:\/\/fracs.aero\/fr\/author\/admin_c4com\/"}]}},"_links":{"self":[{"href":"https:\/\/fracs.aero\/fr\/wp-json\/wp\/v2\/posts\/753","targetHints":{"allow":["GET"]}}],"collection":[{"href":"https:\/\/fracs.aero\/fr\/wp-json\/wp\/v2\/posts"}],"about":[{"href":"https:\/\/fracs.aero\/fr\/wp-json\/wp\/v2\/types\/post"}],"author":[{"embeddable":true,"href":"https:\/\/fracs.aero\/fr\/wp-json\/wp\/v2\/users\/1"}],"replies":[{"embeddable":true,"href":"https:\/\/fracs.aero\/fr\/wp-json\/wp\/v2\/comments?post=753"}],"version-history":[{"count":1,"href":"https:\/\/fracs.aero\/fr\/wp-json\/wp\/v2\/posts\/753\/revisions"}],"predecessor-version":[{"id":6967,"href":"https:\/\/fracs.aero\/fr\/wp-json\/wp\/v2\/posts\/753\/revisions\/6967"}],"wp:featuredmedia":[{"embeddable":true,"href":"https:\/\/fracs.aero\/fr\/wp-json\/wp\/v2\/media\/371"}],"wp:attachment":[{"href":"https:\/\/fracs.aero\/fr\/wp-json\/wp\/v2\/media?parent=753"}],"wp:term":[{"taxonomy":"category","embeddable":true,"href":"https:\/\/fracs.aero\/fr\/wp-json\/wp\/v2\/categories?post=753"},{"taxonomy":"post_tag","embeddable":true,"href":"https:\/\/fracs.aero\/fr\/wp-json\/wp\/v2\/tags?post=753"}],"curies":[{"name":"wp","href":"https:\/\/api.w.org\/{rel}","templated":true}]}}